{"id":54063,"date":"2022-11-11T19:47:20","date_gmt":"2022-11-11T22:47:20","guid":{"rendered":"https:\/\/www.iset.com.br\/blog\/?p=54063"},"modified":"2023-06-23T13:02:46","modified_gmt":"2023-06-23T16:02:46","slug":"black-friday-dicas-como-preparar-loja-virtual-para-lucrar-muito-data","status":"publish","type":"post","link":"https:\/\/www.iset.com.br\/blog\/black-friday-dicas-como-preparar-loja-virtual-para-lucrar-muito-data\/","title":{"rendered":"Black Friday: 7 dicas de como preparar sua loja virtual para lucrar muito na data!"},"content":{"rendered":"<ul>\n<li style=\"list-style-type: none;\"><\/li>\n<\/ul>\n<p><span style=\"font-weight: 400;\">Neste ano <span style=\"text-decoration: underline;\">a Black Friday chega com for\u00e7a total e promete movimentar a economia brasileira<\/span>. Com o objetivo de estimular o consumo e impulsionar os neg\u00f3cios, a data tornou- se uma das principais do calend\u00e1rio no pa\u00eds.\u00a0<\/span><\/p>\n<p><strong>Para os empreendedores, \u00e9 fundamental estar pronto para esse grande momento!<\/strong><\/p>\n<p><span style=\"font-weight: 400;\"><span style=\"text-decoration: underline;\">Voc\u00ea que vende online e quer descobrir como preparar sua loja virtual para vender muito nesta Black Friday<\/span>, vem comigo que nesse artigo eu vou te ajudar com 7 dicas que far\u00e3o a diferen\u00e7a no seu neg\u00f3cio!\u00a0<\/span><\/p>\n<p>&nbsp;<\/p>\n<h2><span style=\"font-weight: 400;\">Um pouco sobre a Black Friday 2021<\/span><\/h2>\n<p><span style=\"font-weight: 400;\">Segundo a Nielsen eBit | reportagem Exame 11\/21, a <span style=\"text-decoration: underline;\">Black Friday de 2021 movimentou um total de R$4,2 bilh\u00f5es em vendas no e-commerce.<\/span><\/span><\/p>\n<p><span style=\"font-weight: 400;\">De acordo com a Behup | Pesquisa p\u00f3s Black Friday 2021, <strong>80% dos consumidores declararam estar satisfeitos ou muito satisfeitos com suas compras durante o evento.\u00a0<\/strong><\/span><\/p>\n<p><span style=\"text-decoration: underline;\"><span style=\"font-weight: 400;\">Entre os fatores que mais incentivaram os clientes a comprarem est\u00e3o:<\/span><\/span><\/p>\n<p>&nbsp;<\/p>\n<p><a href=\"https:\/\/www.iset.com.br\/blog\/wp-content\/uploads\/2022\/11\/Captura-de-Tela-2022-11-11-a\u0300s-17.38.50.webp\"><img fetchpriority=\"high\" decoding=\"async\" class=\"aligncenter wp-image-54080 size-full\" src=\"https:\/\/www.iset.com.br\/blog\/wp-content\/uploads\/2022\/11\/Captura-de-Tela-2022-11-11-a\u0300s-17.38.50.webp\" alt=\"pesquisa-globo-black-friday-781x296\" width=\"781\" height=\"296\" srcset=\"https:\/\/www.iset.com.br\/blog\/wp-content\/uploads\/2022\/11\/Captura-de-Tela-2022-11-11-a\u0300s-17.38.50.webp 781w, https:\/\/www.iset.com.br\/blog\/wp-content\/uploads\/2022\/11\/Captura-de-Tela-2022-11-11-a\u0300s-17.38.50-300x114.webp 300w, https:\/\/www.iset.com.br\/blog\/wp-content\/uploads\/2022\/11\/Captura-de-Tela-2022-11-11-a\u0300s-17.38.50-768x291.webp 768w\" sizes=\"(max-width: 781px) 100vw, 781px\" \/><\/a><\/p>\n<p>&nbsp;<\/p>\n<p><span style=\"font-weight: 400;\"><strong>J\u00e1 para a Black Friday deste ano<\/strong>, segundo a pesquisa realizada pela <\/span><a href=\"https:\/\/gente.globo.com\/infografico-pesquisa-black-friday-2022-termometro-de-consumo\/\" rel=\"nofollow noopener\" target=\"_blank\"><span style=\"font-weight: 400;\">Globo<\/span><\/a><span style=\"font-weight: 400;\">, 50% dos consumidores j\u00e1 afirmaram que pretendem comprar algum produto, 3% a mais do que em 2021.\u00a0<\/span><\/p>\n<p><span style=\"font-weight: 400;\">E assim vamos para a nossa primeira dica de como preparar sua loja virtual para esta data t\u00e3o importante do com\u00e9rcio!\u00a0<\/span><\/p>\n<p>&nbsp;<\/p>\n<h2><span style=\"font-weight: 400;\">1- Ofere\u00e7a m\u00faltiplas formas de pagamento\u00a0<\/span><\/h2>\n<p><span style=\"font-weight: 400;\">De acordo com o relat\u00f3rio <\/span><a href=\"https:\/\/www.adyen.com\/pt_BR\/landing\/online\/br\/relatorio-varejo-2022-download\" target=\"_blank\" rel=\"nofollow noopener\"><span style=\"font-weight: 400;\">Varejo 2022<\/span><\/a><span style=\"font-weight: 400;\">, da Adyen, <span style=\"text-decoration: underline;\">41% dos integrantes abra\u00e7aram de vez as formas de pagamento digitais e est\u00e3o deixando de lado o dinheiro e os cart\u00f5es f\u00edsicos.<\/span><\/span><\/p>\n<p><span style=\"font-weight: 400;\">Ap\u00f3s ouvir 2 mil participantes, a pesquisadora p\u00f4de constatar que o uso dos pagamentos digitais foi fomentado pela pandemia, que proporcionou novas <a href=\"https:\/\/www.iset.com.br\/blog\/experiencia-de-compra-consumidor\/\" target=\"_blank\" rel=\"noopener\">experi\u00eancias de compra<\/a> e mudou a expectativa dos clientes.\u00a0<\/span><\/p>\n<p><span style=\"font-weight: 400;\">Neste momento, <strong>os pagamentos digitais mais comuns entre o consumidores s\u00e3o:<\/strong><\/span><\/p>\n<ul>\n<li style=\"font-weight: 400;\" aria-level=\"1\"><span style=\"font-weight: 400;\">Pagamentos por aproxima\u00e7\u00e3o via cart\u00e3o, smartwatch e celular;\u00a0<\/span><\/li>\n<li style=\"font-weight: 400;\" aria-level=\"1\"><span style=\"font-weight: 400;\">QR Code;<\/span><\/li>\n<li style=\"font-weight: 400;\" aria-level=\"1\"><span style=\"font-weight: 400;\">Carteiras Digitais;<\/span><\/li>\n<li style=\"font-weight: 400;\" aria-level=\"1\"><span style=\"font-weight: 400;\">WhatsApp Pay;<\/span><\/li>\n<li style=\"font-weight: 400;\" aria-level=\"1\"><span style=\"font-weight: 400;\"><a href=\"https:\/\/www.iset.com.br\/blog\/pix-no-e-commerce\/\" target=\"_blank\" rel=\"noopener\">Pix<\/a>;<\/span><\/li>\n<li style=\"font-weight: 400;\" aria-level=\"1\"><span style=\"font-weight: 400;\">Links de pagamento online.<\/span><\/li>\n<\/ul>\n<p>&nbsp;<\/p>\n<p><span style=\"font-weight: 400;\"><span style=\"text-decoration: underline;\">Analisando esta pesquisa, podemos observar que o cliente est\u00e1 cada vez mais familiarizado com o digital<\/span>, afinal, 52% dos participantes disseram que j\u00e1 desistiram de uma compra por n\u00e3o encontrarem a forma de pagamento desejada!<\/span><\/p>\n<p><span style=\"font-weight: 400;\">Portanto, n\u00e3o poder\u00edamos deixar de citar este t\u00f3pico em nossa lista!\u00a0\u00a0\u00a0<\/span><\/p>\n<p><span style=\"font-weight: 400;\">Para voc\u00ea que n\u00e3o quer perder nenhuma oportunidade nesta Black Friday, <strong>n\u00e3o se esque\u00e7a de disponibilizar as formas de pagamento mais utilizadas pelo seu p\u00fablico<\/strong>.\u00a0<\/span><\/p>\n<p><span style=\"font-weight: 400;\"><span style=\"text-decoration: underline;\">Realize uma pesquisa utilizando suas redes sociais<\/span>, dessa forma voc\u00ea estar\u00e1 interagindo com seus seguidores e descobrindo um pouco mais sobre eles.<\/span><\/p>\n<p>&nbsp;<\/p>\n<p>[rock-convert-cta id=&#8221;52895&#8243;]<\/p>\n<p>&nbsp;<\/p>\n<h2><span style=\"font-weight: 400;\">2- Treine sua equipe de atendimento<\/span><\/h2>\n<p><span style=\"font-weight: 400;\">Mesmo que seu time de atendimento seja excelente, \u00e9 importante preparar ele para enfrentar a alta demanda do per\u00edodo de Black Friday!<\/span><\/p>\n<p><span style=\"font-weight: 400;\">Essa \u00e9 uma medida importante para garantir a <a href=\"https:\/\/www.iset.com.br\/blog\/14-dicas-para-aumentar-a-experiencia-de-compra-e-satisfacao-do-seu-cliente\/\" target=\"_blank\" rel=\"noopener\">satisfa\u00e7\u00e3o dos clientes<\/a> e evitar poss\u00edveis transtornos. Al\u00e9m disso, <strong>esse \u00e9 um momento ideal para fidelizar os consumidores e conquistar novos clientes.\u00a0<\/strong><\/span><\/p>\n<p><span style=\"font-weight: 400;\">\u00c9 ideal que mesmo ap\u00f3s a Black Friday, o suporte da sua loja virtual esteja preparado para solucionar eventuais transtornos relacionados ao p\u00f3s-venda!<\/span><\/p>\n<p><span style=\"font-weight: 400;\">Infelizmente problemas podem acontecer a qualquer momento, mas \u00e9 importante ter sempre um retorno prestativo para solucion\u00e1-los da melhor maneira poss\u00edvel.\u00a0<\/span><\/p>\n<p><span style=\"text-decoration: underline;\"><span style=\"font-weight: 400;\">Ter uma atitude positiva e buscar solu\u00e7\u00f5es r\u00e1pidas sempre ser\u00e1 a melhor op\u00e7\u00e3o para o sucesso!<\/span><\/span><\/p>\n<p>&nbsp;<\/p>\n<p><a href=\"https:\/\/www.iset.com.br\/blog\/wp-content\/uploads\/2022\/11\/equipe-atendimento-black-friday-600401.webp\"><img decoding=\"async\" class=\"size-full wp-image-54076 aligncenter\" src=\"https:\/\/www.iset.com.br\/blog\/wp-content\/uploads\/2022\/11\/equipe-atendimento-black-friday-600401.webp\" alt=\"equipe-atendimento-black-friday-600x401\" width=\"600\" height=\"401\" srcset=\"https:\/\/www.iset.com.br\/blog\/wp-content\/uploads\/2022\/11\/equipe-atendimento-black-friday-600401.webp 600w, https:\/\/www.iset.com.br\/blog\/wp-content\/uploads\/2022\/11\/equipe-atendimento-black-friday-600401-300x201.webp 300w\" sizes=\"(max-width: 600px) 100vw, 600px\" \/><\/a><\/p>\n<p>&nbsp;<\/p>\n<h2><span style=\"font-weight: 400;\">3- Prepare seu estoque<\/span><\/h2>\n<p><span style=\"font-weight: 400;\">\u00c9 essencial que voc\u00ea fa\u00e7a um controle de estoque para garantir que seu neg\u00f3cio estar\u00e1 preparado para atender a demanda de Black Friday!\u00a0<\/span><\/p>\n<p><span style=\"font-weight: 400;\">Mas nada de refor\u00e7ar o seu dep\u00f3sito com tudo o que voc\u00ea vende,<strong> foque nos produtos que t\u00eam mais sa\u00edda<\/strong>. Dessa forma, voc\u00ea garante a satisfa\u00e7\u00e3o dos seus clientes e evita gastos desnecess\u00e1rios.<\/span><\/p>\n<p><span style=\"font-weight: 400;\">Para garantir que as ofertas sejam feitas apenas em rela\u00e7\u00e3o aos itens que realmente possam ser vendidos e estejam dispon\u00edveis, <span style=\"text-decoration: underline;\">\u00e9 fundamental que a sua loja virtual esteja devidamente integrada ao seu estoque!<\/span>\u00a0<\/span><\/p>\n<p>&nbsp;<\/p>\n<ul>\n<li><strong>Leia tamb\u00e9m<\/strong>: <a href=\"https:\/\/www.iset.com.br\/blog\/o-que-e-controle-de-estoque-e-como-realiza-lo-em-sua-loja-virtual\/\" target=\"_blank\" rel=\"noopener\">O que \u00e9 controle de estoque e como realiz\u00e1-lo em sua loja virtual.<\/a><\/li>\n<\/ul>\n<p>&nbsp;<\/p>\n<h2><span style=\"font-weight: 400;\">4- Estruture seu site para receber a Black Friday<\/span><\/h2>\n<p><span style=\"font-weight: 400;\">Quando falamos em Black Friday, o objetivo principal \u00e9 tentar vender o m\u00e1ximo poss\u00edvel e para isso, <strong>voc\u00ea precisa se atentar a dois pontos essenciais.\u00a0<\/strong><\/span><\/p>\n<p>&nbsp;<\/p>\n<h3><span style=\"font-weight: 400;\">1- A apar\u00eancia da sua loja virtual<\/span><\/h3>\n<p><span style=\"font-weight: 400;\">J\u00e1 que estamos falando de um evento onde o foco \u00e9 vender produtos com desconto, <span style=\"text-decoration: underline;\">\u00e9 fundamental destacar os carros chefes do seu neg\u00f3cio<\/span>. <\/span><span style=\"font-weight: 400;\">Escolher produtos ou categorias que mais vendem e destac\u00e1-los em <a href=\"https:\/\/www.iset.com.br\/blog\/banner-loja-virtual-sem-pagar-nada\/\" target=\"_blank\" rel=\"noopener\">banners<\/a> pela loja \u00e9 uma \u00f3tima t\u00e1tica para isso!<\/span><\/p>\n<p><span style=\"font-weight: 400;\"><strong>E n\u00e3o se esque\u00e7a de personalizar seu neg\u00f3cio com temas e cores que remetem a Black Friday<\/strong>, lembrando sempre de manter o perfil da sua marca.<\/span><\/p>\n<p><span style=\"text-decoration: underline;\"><span style=\"font-weight: 400;\">Estes cuidados ir\u00e3o influenciar positivamente na experi\u00eancia do usu\u00e1rio durante a compra!<\/span><\/span><\/p>\n<p>&nbsp;<\/p>\n<h3><span style=\"font-weight: 400;\">2- Seguran\u00e7a e estabilidade<\/span><\/h3>\n<p><strong>Outras duas quest\u00f5es essenciais s\u00e3o a seguran\u00e7a e a estabilidade da sua loja virtual.<\/strong><\/p>\n<p><span style=\"font-weight: 400;\">A seguran\u00e7a porque, com as vendas online se tornando uma pr\u00e1tica comum, o n\u00famero de tentativas de fraude tamb\u00e9m cresceu.\u00a0 <\/span><span style=\"font-weight: 400;\">\u00c9 preciso garantir a seguran\u00e7a do seu site para <a href=\"https:\/\/www.iset.com.br\/blog\/analise-risco-e-commerce-boas-praticas\/\" target=\"_blank\" rel=\"noopener\">evitar futuras fraudes<\/a> em compras e se certificar de que os dados sigilosos dos clientes n\u00e3o est\u00e3o em risco.<\/span><\/p>\n<p><span style=\"font-weight: 400;\">Al\u00e9m disso,<span style=\"text-decoration: underline;\"> ter um e-commerce est\u00e1vel \u00e9 fundamental para vender muito na Black Friday<\/span>. A \u00faltima coisa que n\u00f3s queremos \u00e9 um site fora do ar!<\/span><\/p>\n<p><span style=\"font-weight: 400;\">Para isso \u00e9 recomendado utilizar uma plataforma de e-commerce bem estruturada e capaz de manter sua loja virtual funcionando durante toda a Black Friday.<\/span><\/p>\n<p>&nbsp;<\/p>\n<p>[rock-convert-cta id=&#8221;52976&#8243;]<\/p>\n<p>&nbsp;<\/p>\n<h2><span style=\"font-weight: 400;\">5- Planeje descontos reais<\/span><\/h2>\n<p><span style=\"font-weight: 400;\">\u00c9 cada vez mais comum encontrar empresas que oferecem promo\u00e7\u00f5es aparentemente vantajosas, mas que na verdade n\u00e3o representam efetivas vantagens para o p\u00fablico.\u00a0<\/span><\/p>\n<p><span style=\"text-decoration: underline;\"><span style=\"font-weight: 400;\">O consumidor neste caso se sente lesado, podendo deixar de comprar na loja e at\u00e9 propagar uma imagem negativa sobre a sua empresa.\u00a0<\/span><\/span><\/p>\n<p><span style=\"font-weight: 400;\">Portanto, jamais cobre pre\u00e7os muito altos em determinado item um per\u00edodo curto antes da Black Friday somente para baixar os valores durante a data.\u00a0<\/span><\/p>\n<p><strong>Isso pode fazer o consumidor desconfiar das promo\u00e7\u00f5es oferecidas e prejudicar suas vendas de Black Friday.<\/strong><\/p>\n<p>&nbsp;<\/p>\n<h2><span style=\"font-weight: 400;\">6- Cumpra com os prazos de entrega<\/span><\/h2>\n<p><span style=\"font-weight: 400;\">\u00c9 extremamente importante respeitar os prazos de entrega acordados com o cliente, as pessoas gostam de receber suas entregas no dia agendado ou antes dele. <\/span><span style=\"font-weight: 400;\">De qualquer forma, <span style=\"text-decoration: underline;\">\u00e9 fundamental medir a data de entrega da maneira mais honesta poss\u00edvel.\u00a0<\/span><\/span><\/p>\n<p><span style=\"font-weight: 400;\"><strong>Outro ponto importante \u00e9 disponibilizar o n\u00famero de rastreio do produto<\/strong>, dessa forma o cliente pode acompanhar sua entrega com mais exatid\u00e3o.<\/span><\/p>\n<p><span style=\"font-weight: 400;\">A pior sensa\u00e7\u00e3o para um consumidor \u00e9 n\u00e3o receber sua encomenda dentro do per\u00edodo programado ou pensar que foi lesado!<\/span><\/p>\n<p><span style=\"font-weight: 400;\">Para evitar este tipo de situa\u00e7\u00e3o, <span style=\"text-decoration: underline;\">\u00e9 indispens\u00e1vel se antecipar e escolher a forma de entrega mais vantajosa para o seu neg\u00f3cio<\/span>. <\/span><span style=\"font-weight: 400;\">E n\u00e3o se esque\u00e7a que, se houver algum imprevisto e for necess\u00e1rio atrasar a entrega, \u00e9 importante comunicar o fato o quanto antes ao consumidor.\u00a0<\/span><\/p>\n<p><strong>Esse cuidado com o cliente transmite um diferencial e agrega valor para o p\u00fablico!<\/strong><\/p>\n<p>&nbsp;<\/p>\n<p><a href=\"https:\/\/www.iset.com.br\/blog\/wp-content\/uploads\/2022\/11\/prazos-entrega-600401.webp\"><img decoding=\"async\" class=\"size-full wp-image-54077 aligncenter\" src=\"https:\/\/www.iset.com.br\/blog\/wp-content\/uploads\/2022\/11\/prazos-entrega-600401.webp\" alt=\"prazos-entrega-black-friday-0600x401\" width=\"600\" height=\"401\" srcset=\"https:\/\/www.iset.com.br\/blog\/wp-content\/uploads\/2022\/11\/prazos-entrega-600401.webp 600w, https:\/\/www.iset.com.br\/blog\/wp-content\/uploads\/2022\/11\/prazos-entrega-600401-300x201.webp 300w\" sizes=\"(max-width: 600px) 100vw, 600px\" \/><\/a><\/p>\n<p>&nbsp;<\/p>\n<h2><span style=\"font-weight: 400;\">7- Divulgue sua campanha de maneira estrat\u00e9gica<\/span><\/h2>\n<p><span style=\"text-decoration: underline;\"><span style=\"font-weight: 400;\">Os canais digitais se tornaram fundamentais para os neg\u00f3cios!<\/span><\/span><\/p>\n<p><span style=\"font-weight: 400;\">As redes sociais, em especial, permitem a divulga\u00e7\u00e3o da marca, de produtos e servi\u00e7os, de promo\u00e7\u00f5es, de eventos e de \u00e9pocas especiais para um p\u00fablico cada vez mais abrangente.\u00a0<\/span><\/p>\n<p><span style=\"font-weight: 400;\">O Facebook, o Instagram, o LinkedIn e o Youtube s\u00e3o os principais canais estrat\u00e9gicos utilizados atualmente!\u00a0 <\/span><span style=\"font-weight: 400;\">Cabe destacar que cada um oferece caracter\u00edsticas pr\u00f3prias que podem ser aproveitadas pelas empresas para alcan\u00e7ar seus objetivos.<\/span><\/p>\n<p>&nbsp;<\/p>\n<ul>\n<li>Leia tamb\u00e9m: <a href=\"https:\/\/www.iset.com.br\/blog\/producao-de-conteudo-para-redes-sociais-dicas-importantes\/\" target=\"_blank\" rel=\"noopener\">Produ\u00e7\u00e3o de conte\u00fado para redes sociais: 9 dicas importantes.<\/a><\/li>\n<\/ul>\n<p>&nbsp;<\/p>\n<p><strong>\u00c9 importante lembrar que n\u00e3o adianta jogar informa\u00e7\u00e3o em toda rede social, sem crit\u00e9rio!<\/strong><\/p>\n<p><span style=\"font-weight: 400;\">Voc\u00ea precisa identificar quais s\u00e3o os canais mais acessados pela persona do seu neg\u00f3cio e, a partir disso, nutrir estas redes com conte\u00fado relevante e atraente para aquele p\u00fablico em espec\u00edfico.<\/span><\/p>\n<p><span style=\"font-weight: 400;\">A Black Friday \u00e9 uma data importante para o com\u00e9rcio brasileiro e, em especial, para as lojas virtuais. Se voc\u00ea ainda n\u00e3o tem uma loja virtual e pretende lucrar muito na data, a iSET \u00e9 a plataforma ideal para isso.\u00a0<\/span><\/p>\n<p><span style=\"font-weight: 400;\">Caso voc\u00ea j\u00e1 tenha um neg\u00f3cio digital, <span style=\"text-decoration: underline;\">espero que as dicas citadas neste artigo tenham sido \u00fateis e te ajudado a preparar seu e-commerce para esta data t\u00e3o especial!\u00a0<\/span><\/span><\/p>\n<p><span style=\"font-weight: 400;\">Agora chegou a sua vez, m\u00e3os \u00e0 obra e boas vendas!\u00a0<\/span><\/p>\n<p>&nbsp;<\/p>\n<p><strong>Leia tamb\u00e9m:<\/strong><\/p>\n<ul>\n<li><a href=\"https:\/\/www.iset.com.br\/blog\/decide-sucesso-nas-vendas-black-friday-segredos-voce-nao-sabia\/\" target=\"_blank\" rel=\"noopener\">O que decide o sucesso nas vendas na Black Friday? 5 segredos que voc\u00ea n\u00e3o sabia;<\/a><\/li>\n<li><a href=\"https:\/\/www.iset.com.br\/blog\/criar-loja-virtual-gratis\/\" target=\"_blank\" rel=\"noopener\">\u00c9 poss\u00edvel criar uma loja virtual gr\u00e1tis?<\/a><\/li>\n<li><a href=\"https:\/\/www.iset.com.br\/blog\/publico-alvo-descubra-agora-importancia-definir-seu\/\" target=\"_blank\" rel=\"noopener\">P\u00fablico-alvo: descubra o que \u00e9 e qual a import\u00e2ncia de definir o seu.<\/a><\/li>\n<\/ul>\n<p>&nbsp;<\/p>\n<p style=\"text-align: center;\"><span style=\"font-size: 20px;\">N\u00e3o se esque\u00e7a de se inscrever na nossa Newsletter! Toda semana temos v\u00e1rios posts com muitas dicas e novidades para fazer o seu neg\u00f3cio decolar!<\/span><\/p>\n<form action=\"https:\/\/paginas.rocks\/pages\/index\/311172\" method=\"post\"><input id=\"id\" name=\"id\" type=\"hidden\" value=\"311172\" \/><input id=\"mid\" name=\"mid\" type=\"hidden\" value=\"311172\" \/><input id=\"pid\" name=\"pid\" type=\"hidden\" value=\"18494173\" \/><input id=\"list_id\" name=\"list_id\" type=\"hidden\" value=\"311172\" \/><input id=\"provider\" name=\"provider\" type=\"hidden\" value=\"leadlovers\" \/><input id=\"email\" class=\"form-control form-ll\" name=\"email\" type=\"text\" placeholder=\"Informe o seu email\" \/><br \/>\n<button class=\"btn btn-danger\" style=\"padding: 10px; width: 100%; margin: 15px 0 5px; background-color: rgba(0, 102, 153, 1); border-color: rgba(0, 102, 153, 1) !important;\" type=\"submit\">Inscreva-se<\/button><\/form>\n","protected":false},"excerpt":{"rendered":"<p>Neste ano a Black Friday chega com for\u00e7a total e promete movimentar a economia brasileira. Com o objetivo de estimular o consumo e impulsionar os neg\u00f3cios, a data tornou- se uma das principais do calend\u00e1rio no pa\u00eds.\u00a0 Para os empreendedores, \u00e9 fundamental estar pronto para esse grande momento! Voc\u00ea que vende online e quer descobrir [&hellip;]<\/p>\n","protected":false},"author":27,"featured_media":54074,"comment_status":"closed","ping_status":"open","sticky":false,"template":"","format":"standard","meta":{"footnotes":""},"categories":[1006],"tags":[857,1803,971,39,903,810,642,48,21,2142,1952,44,191,2143],"class_list":["post-54063","post","type-post","status-publish","format-standard","has-post-thumbnail","hentry","category-black-friday","tag-banner","tag-black","tag-black-friday","tag-e-commerce","tag-entrega","tag-estabilidade","tag-formas-de-pagamento","tag-frete","tag-loja-virtual","tag-lucrar-na-data","tag-preparar","tag-promocoes","tag-vender-mais","tag-vender-na-black-friday"],"_links":{"self":[{"href":"https:\/\/www.iset.com.br\/blog\/wp-json\/wp\/v2\/posts\/54063","targetHints":{"allow":["GET"]}}],"collection":[{"href":"https:\/\/www.iset.com.br\/blog\/wp-json\/wp\/v2\/posts"}],"about":[{"href":"https:\/\/www.iset.com.br\/blog\/wp-json\/wp\/v2\/types\/post"}],"author":[{"embeddable":true,"href":"https:\/\/www.iset.com.br\/blog\/wp-json\/wp\/v2\/users\/27"}],"replies":[{"embeddable":true,"href":"https:\/\/www.iset.com.br\/blog\/wp-json\/wp\/v2\/comments?post=54063"}],"version-history":[{"count":9,"href":"https:\/\/www.iset.com.br\/blog\/wp-json\/wp\/v2\/posts\/54063\/revisions"}],"predecessor-version":[{"id":54641,"href":"https:\/\/www.iset.com.br\/blog\/wp-json\/wp\/v2\/posts\/54063\/revisions\/54641"}],"wp:featuredmedia":[{"embeddable":true,"href":"https:\/\/www.iset.com.br\/blog\/wp-json\/wp\/v2\/media\/54074"}],"wp:attachment":[{"href":"https:\/\/www.iset.com.br\/blog\/wp-json\/wp\/v2\/media?parent=54063"}],"wp:term":[{"taxonomy":"category","embeddable":true,"href":"https:\/\/www.iset.com.br\/blog\/wp-json\/wp\/v2\/categories?post=54063"},{"taxonomy":"post_tag","embeddable":true,"href":"https:\/\/www.iset.com.br\/blog\/wp-json\/wp\/v2\/tags?post=54063"}],"curies":[{"name":"wp","href":"https:\/\/api.w.org\/{rel}","templated":true}]}}