{"id":52687,"date":"2021-12-29T12:23:58","date_gmt":"2021-12-29T15:23:58","guid":{"rendered":"https:\/\/www.iset.com.br\/blog\/?p=52687"},"modified":"2022-01-03T10:59:14","modified_gmt":"2022-01-03T13:59:14","slug":"aplicando-gestao-empresarial-eficiente","status":"publish","type":"post","link":"https:\/\/www.iset.com.br\/blog\/aplicando-gestao-empresarial-eficiente\/","title":{"rendered":"Como aplicar uma gest\u00e3o empresarial eficiente?"},"content":{"rendered":"<p><span style=\"font-weight: 400;\">Uma gest\u00e3o empresarial eficiente \u00e9 aquela que opta pelas melhores t\u00e9cnicas estrat\u00e9gicas. Descubra como aplic\u00e1-las dentro do seu neg\u00f3cio!<\/span><\/p>\n<p><span style=\"text-decoration: underline;\"><span style=\"font-weight: 400;\">Descubra como aplicar uma gest\u00e3o empresarial eficiente!<\/span><\/span><\/p>\n<p><span style=\"font-weight: 400;\">Aprenda como aplicar uma gest\u00e3o empresarial eficiente contando com um bom planejamento estrat\u00e9gico.<\/span><\/p>\n<p><span style=\"font-weight: 400;\">Chamamos de <\/span><b>gest\u00e3o empresarial<\/b><span style=\"font-weight: 400;\"> tudo aquilo que diz respeito \u00e0 fun\u00e7\u00e3o de um l\u00edder que tem como <\/span><b>responsabilidade<\/b><span style=\"font-weight: 400;\"> a movimenta\u00e7\u00e3o estrat\u00e9gica do empreendimento em quest\u00e3o.<\/span><\/p>\n<p><span style=\"font-weight: 400;\">Uma gest\u00e3o eficiente, por sua vez, \u00e9 uma gest\u00e3o que produz melhores resultados a empresa e possui como caracter\u00edstica principal a efic\u00e1cia nas <\/span><a href=\"https:\/\/www.voitto.com.br\/blog\/artigo\/tomada-de-decisao\" rel=\"nofollow noopener\" target=\"_blank\"><b>tomadas de decis\u00f5es<\/b><\/a><span style=\"font-weight: 400;\">, optando por um planejamento estrat\u00e9gico de qualidade.<\/span><\/p>\n<p><span style=\"font-weight: 400;\">Para aplicar uma gest\u00e3o empresarial eficiente dentro da sua empresa, \u00e9 preciso alguns requisitos, tais como tamb\u00e9m, um breve conhecimento sobre o assunto.<\/span><\/p>\n<p><span style=\"font-weight: 400;\">Visto isso, vamos abordar mais sobre o tema nos seguintes t\u00f3picos:<\/span><\/p>\n<ul>\n<li style=\"font-weight: 400;\" aria-level=\"1\"><span style=\"font-weight: 400;\">A import\u00e2ncia de uma gest\u00e3o empresarial eficiente;<\/span><\/li>\n<li style=\"font-weight: 400;\" aria-level=\"1\"><span style=\"font-weight: 400;\">Principais caracter\u00edsticas de uma gest\u00e3o eficaz;<\/span><\/li>\n<li style=\"font-weight: 400;\" aria-level=\"1\"><span style=\"font-weight: 400;\">Dicas para ter uma gest\u00e3o empresarial de sucesso.<\/span><\/li>\n<\/ul>\n<p>&nbsp;<\/p>\n<p><span style=\"font-weight: 400;\">Continue a leitura e desvende esses t\u00f3picos junto com a gente!<\/span><\/p>\n<p>&nbsp;<\/p>\n<h2>A import\u00e2ncia de uma gest\u00e3o empresarial eficiente<\/h2>\n<p><span style=\"font-weight: 400;\">A gest\u00e3o empresarial \u00e9 a base de uma empresa que deseja crescer e ser reconhecida.<\/span><\/p>\n<p><span style=\"font-weight: 400;\">Isso porque, \u00e9 a partir desse gerenciamento que poder\u00e1 ser aplicado t\u00e9cnicas estrat\u00e9gicas para manter um determinado neg\u00f3cio <\/span><b>dentro do mercado e acima de seus concorrentes.<\/b><\/p>\n<p><span style=\"font-weight: 400;\">Os principais benef\u00edcios de ter uma gest\u00e3o empresarial eficiente s\u00e3o:<\/span><\/p>\n<p>&nbsp;<\/p>\n<h3>Ter colaboradores produtivos<\/h3>\n<p><span style=\"font-weight: 400;\"><span style=\"text-decoration: underline;\">Com uma gest\u00e3o de qualidade<\/span>, os focos nos resultados se refletem em uma equipe com mais produtividade, aut\u00f4noma, e com organiza\u00e7\u00e3o efetiva.<\/span><\/p>\n<p>&nbsp;<\/p>\n<h3>Aumento de KPI (Key Performance Indicator)<\/h3>\n<p><span style=\"font-weight: 400;\">Um dos principais reflexos da gest\u00e3o empresarial de qualidade est\u00e1 nos <\/span><b>n\u00fameros de KPI &#8216;S.\u00a0<\/b><\/p>\n<p><span style=\"font-weight: 400;\"><span style=\"text-decoration: underline;\">O KPI indica o tamanho do desempenho da sua empresa<\/span> e indica se os processos estrat\u00e9gicos usados est\u00e3o sendo ben\u00e9ficos ou n\u00e3o.<\/span><\/p>\n<p>&nbsp;<\/p>\n<h3>Redu\u00e7\u00e3o de gastos<\/h3>\n<p><span style=\"font-weight: 400;\">Com um bom gestor, a an\u00e1lise financeira da empresa \u00e9 fundamental para o crescimento da mesma. Dessa forma, um dos benef\u00edcios da gest\u00e3o eficaz \u00e9 a <\/span><a href=\"https:\/\/www.voitto.com.br\/blog\/artigo\/o-que-e-gestao-de-custos\/amp\" rel=\"nofollow noopener\" target=\"_blank\"><b>redu\u00e7\u00e3o dos gastos desnecess\u00e1rios.<\/b><\/a><\/p>\n<p><span style=\"font-weight: 400;\">Com um profissional capacitado a empresa gerida por ele ter\u00e1 um <\/span><b>equil\u00edbrio financeiro fundamental.<\/b><\/p>\n<p><span style=\"font-weight: 400;\">Interessante, n\u00e3o \u00e9 mesmo? Vamos saber agora as principais caracter\u00edsticas de uma gest\u00e3o empresarial eficaz!<\/span><\/p>\n<p>&nbsp;<\/p>\n<p><img fetchpriority=\"high\" decoding=\"async\" class=\"alignnone wp-image-52688 size-full\" src=\"https:\/\/www.iset.com.br\/blog\/wp-content\/uploads\/2021\/12\/Descubra-como-aplicar-uma-gestao-empresarial-eficiente-2500x1440-1.jpg\" alt=\"gest\u00e3o empresarial \" width=\"2500\" height=\"1440\" srcset=\"https:\/\/www.iset.com.br\/blog\/wp-content\/uploads\/2021\/12\/Descubra-como-aplicar-uma-gestao-empresarial-eficiente-2500x1440-1.jpg 2500w, https:\/\/www.iset.com.br\/blog\/wp-content\/uploads\/2021\/12\/Descubra-como-aplicar-uma-gestao-empresarial-eficiente-2500x1440-1-300x173.jpg 300w, https:\/\/www.iset.com.br\/blog\/wp-content\/uploads\/2021\/12\/Descubra-como-aplicar-uma-gestao-empresarial-eficiente-2500x1440-1-768x442.jpg 768w, https:\/\/www.iset.com.br\/blog\/wp-content\/uploads\/2021\/12\/Descubra-como-aplicar-uma-gestao-empresarial-eficiente-2500x1440-1-1024x590.jpg 1024w, https:\/\/www.iset.com.br\/blog\/wp-content\/uploads\/2021\/12\/Descubra-como-aplicar-uma-gestao-empresarial-eficiente-2500x1440-1-1536x885.jpg 1536w, https:\/\/www.iset.com.br\/blog\/wp-content\/uploads\/2021\/12\/Descubra-como-aplicar-uma-gestao-empresarial-eficiente-2500x1440-1-2048x1180.jpg 2048w\" sizes=\"(max-width: 2500px) 100vw, 2500px\" \/><\/p>\n<p>&nbsp;<\/p>\n<h2>As principais caracter\u00edsticas de uma gest\u00e3o eficaz<\/h2>\n<p><span style=\"font-weight: 400;\">Uma gest\u00e3o eficaz requer um conjunto de processos que sejam bem elaborados para fazer com que no geral, os produtos ou servi\u00e7os da empresa funcionem com precis\u00e3o, chegando ao cliente com <\/span><b>qualidade.<\/b><\/p>\n<p>&nbsp;<\/p>\n<p><strong>Uma gest\u00e3o eficaz tem como caracter\u00edsticas:<\/strong><\/p>\n<p>&nbsp;<\/p>\n<h3>Um bom l\u00edder<\/h3>\n<p><span style=\"font-weight: 400;\">A capacidade de gerir pessoas, saber lidar com os desafios di\u00e1rios dentro da empresa, e ainda sim, conseguir tirar proveito da produtividade dos funcion\u00e1rios de forma saud\u00e1vel e resultante, <span style=\"text-decoration: underline;\">\u00e9 o que um bom l\u00edder faz.<\/span><\/span><\/p>\n<p><span style=\"font-weight: 400;\">Um bom l\u00edder oferece o que a empresa precisa<\/span><b> em todos os setores<\/b><span style=\"font-weight: 400;\">, e, al\u00e9m disso, trabalha para extrair o melhor de cada colaborador subjetivamente.<\/span><\/p>\n<p>&nbsp;<\/p>\n<h3>Tomada de decis\u00f5es precisas<\/h3>\n<p><span style=\"font-weight: 400;\">A tomada de decis\u00e3o dentro de uma empresa que tem uma gest\u00e3o de qualidade \u00e9 uma das grandes caracter\u00edsticas que a diferenciam de outros empreendimentos.<\/span><\/p>\n<p><span style=\"font-weight: 400;\">A tomada de decis\u00e3o faz parte da <\/span><b>escalada ao sucesso para se tornar uma grande empresa.<\/b><\/p>\n<p><span style=\"font-weight: 400;\">Uma gest\u00e3o desorganizada provavelmente ter\u00e1 dificuldade nas tomadas de decis\u00f5es e isso poder\u00e1 atrasar nos <\/span><b>processos de qualidade da empresa<\/b><span style=\"font-weight: 400;\">, mas, uma gest\u00e3o eficaz, tem a tomada de decis\u00e3o como necess\u00e1ria.<\/span><\/p>\n<p><span style=\"font-weight: 400;\">Geralmente, a tomada de decis\u00e3o na gest\u00e3o empresarial eficaz \u00e9 uma de suas principais funcionalidades, pois a equipe trabalha, juntamente ao l\u00edder, decidindo estrategicamente, com muita sabedoria o que se deve fazer perante a uma situa\u00e7\u00e3o.<\/span><\/p>\n<p>&nbsp;<\/p>\n<figure id=\"attachment_48354\" aria-describedby=\"caption-attachment-48354\" style=\"width: 860px\" class=\"wp-caption alignnone\"><a href=\"http:\/\/bit.ly\/33bRfYG\" rel=\"nofollow noopener\" target=\"_blank\"><img decoding=\"async\" class=\"size-full wp-image-48354\" src=\"https:\/\/www.iset.com.br\/blog\/wp-content\/uploads\/2019\/10\/cta-experiencia-de-compra-satisfacao-cliente.jpg\" alt=\"\" width=\"860\" height=\"260\" srcset=\"https:\/\/www.iset.com.br\/blog\/wp-content\/uploads\/2019\/10\/cta-experiencia-de-compra-satisfacao-cliente.jpg 860w, https:\/\/www.iset.com.br\/blog\/wp-content\/uploads\/2019\/10\/cta-experiencia-de-compra-satisfacao-cliente-300x91.jpg 300w, https:\/\/www.iset.com.br\/blog\/wp-content\/uploads\/2019\/10\/cta-experiencia-de-compra-satisfacao-cliente-768x232.jpg 768w, https:\/\/www.iset.com.br\/blog\/wp-content\/uploads\/2019\/10\/cta-experiencia-de-compra-satisfacao-cliente-600x181.png 600w, https:\/\/www.iset.com.br\/blog\/wp-content\/uploads\/2019\/10\/cta-experiencia-de-compra-satisfacao-cliente-24x7.png 24w, https:\/\/www.iset.com.br\/blog\/wp-content\/uploads\/2019\/10\/cta-experiencia-de-compra-satisfacao-cliente-36x11.png 36w, https:\/\/www.iset.com.br\/blog\/wp-content\/uploads\/2019\/10\/cta-experiencia-de-compra-satisfacao-cliente-48x15.png 48w\" sizes=\"(max-width: 860px) 100vw, 860px\" \/><\/a><figcaption id=\"caption-attachment-48354\" class=\"wp-caption-text\">Existem diversos fatores que ajudam a determinar uma boa experi\u00eancia de compra, e \u00e9 por isso que neste post, apresentamos 14 dicas essenciais para voc\u00ea utilizar em seu e-commerce!<\/figcaption><\/figure>\n<p>&nbsp;<\/p>\n<h3>Aplica\u00e7\u00e3o de melhorias cont\u00ednuas<\/h3>\n<p><span style=\"font-weight: 400;\">Dentro de uma gest\u00e3o empresarial eficaz a <\/span><b>aplica\u00e7\u00e3o de melhorias cont\u00ednuas<\/b><span style=\"font-weight: 400;\"> \u00e9 imprescind\u00edvel. Os l\u00edderes, juntamente com a equipe, est\u00e3o sempre tentando aperfei\u00e7oar os seus servi\u00e7os atrav\u00e9s de t\u00e9cnicas como:<\/span><\/p>\n<ul>\n<li style=\"font-weight: 400;\" aria-level=\"1\"><span style=\"font-weight: 400;\">Padroniza\u00e7\u00e3o de processos;<\/span><\/li>\n<li style=\"font-weight: 400;\" aria-level=\"1\"><span style=\"font-weight: 400;\">Otimiza\u00e7\u00e3o de conte\u00fado;<\/span><\/li>\n<li style=\"font-weight: 400;\" aria-level=\"1\"><span style=\"font-weight: 400;\">Utiliza\u00e7\u00e3o de novos softwares;<\/span><\/li>\n<li style=\"font-weight: 400;\" aria-level=\"1\"><span style=\"font-weight: 400;\">Treinamento da equipe.\u00a0<\/span><\/li>\n<\/ul>\n<p>&nbsp;<\/p>\n<h3>Colaboradores sol\u00edcitos<\/h3>\n<p><span style=\"font-weight: 400;\">Em uma gest\u00e3o empresarial eficaz, o poder \u00e9 <\/span><b>descentralizado<\/b><span style=\"font-weight: 400;\">, e todos trabalham em equipe. O l\u00edder orienta os seus colaboradores, e todos eles agem em conjunto para proporcionar melhorias para a empresa.<\/span><\/p>\n<p>&nbsp;<\/p>\n<h3>Planejamento estrat\u00e9gicos<\/h3>\n<p><span style=\"font-weight: 400;\">Por \u00faltimo, o <\/span><a href=\"https:\/\/www.voitto.com.br\/blog\/artigo\/como-fazer-um-planejamento-estrategico\" rel=\"nofollow  noopener\" target=\"_blank\"><b>planejamento estrat\u00e9gico<\/b><\/a><span style=\"font-weight: 400;\">. Sem ele, \u00e9 muito dif\u00edcil que voc\u00ea consiga alcan\u00e7ar o crescimento. <span style=\"text-decoration: underline;\">O planejamento estrat\u00e9gico permite uma vis\u00e3o ampla e situacional sobre os desempenhos da empresa.<\/span><\/span><\/p>\n<p><span style=\"font-weight: 400;\">Dessa forma, com uma estrat\u00e9gia em m\u00e3os, a empresa conseguir\u00e1 tra\u00e7ar <\/span><b>novas metas e processos<\/b><span style=\"font-weight: 400;\"> para realizar e alavancar no mercado de trabalho.<\/span><\/p>\n<p><span style=\"font-weight: 400;\">Legal, n\u00e3o \u00e9? Continue a leitura conosco e vamos para as nossas dicas de como ter uma gest\u00e3o empresarial de sucesso!<\/span><\/p>\n<p><span style=\"font-weight: 400;\">Veja s\u00f3!<\/span><\/p>\n<p>&nbsp;<\/p>\n<figure id=\"attachment_47372\" aria-describedby=\"caption-attachment-47372\" style=\"width: 860px\" class=\"wp-caption alignnone\"><a href=\"http:\/\/bit.ly\/302m293\" rel=\"nofollow noopener\" target=\"_blank\"><img decoding=\"async\" class=\"wp-image-47372 size-full\" src=\"https:\/\/www.iset.com.br\/blog\/wp-content\/uploads\/2019\/08\/cta-planejamento-estrategico.jpg\" alt=\"\" width=\"860\" height=\"260\" srcset=\"https:\/\/www.iset.com.br\/blog\/wp-content\/uploads\/2019\/08\/cta-planejamento-estrategico.jpg 860w, https:\/\/www.iset.com.br\/blog\/wp-content\/uploads\/2019\/08\/cta-planejamento-estrategico-300x91.jpg 300w, https:\/\/www.iset.com.br\/blog\/wp-content\/uploads\/2019\/08\/cta-planejamento-estrategico-768x232.jpg 768w, https:\/\/www.iset.com.br\/blog\/wp-content\/uploads\/2019\/08\/cta-planejamento-estrategico-600x181.png 600w, https:\/\/www.iset.com.br\/blog\/wp-content\/uploads\/2019\/08\/cta-planejamento-estrategico-24x7.png 24w, https:\/\/www.iset.com.br\/blog\/wp-content\/uploads\/2019\/08\/cta-planejamento-estrategico-36x11.png 36w, https:\/\/www.iset.com.br\/blog\/wp-content\/uploads\/2019\/08\/cta-planejamento-estrategico-48x15.png 48w\" sizes=\"(max-width: 860px) 100vw, 860px\" \/><\/a><figcaption id=\"caption-attachment-47372\" class=\"wp-caption-text\">Neste post, veja 7 dicas para come\u00e7ar o planejamento do seu neg\u00f3cio e faz\u00ea-lo crescer.<\/figcaption><\/figure>\n<p>&nbsp;<\/p>\n<h2>Dicas para ter uma gest\u00e3o empresarial de sucesso<\/h2>\n<p><span style=\"font-weight: 400;\">Agora, por \u00faltimo, o mais esperado: <strong>voc\u00ea<\/strong><\/span><b>\u00a0sabe como ter uma gest\u00e3o empresarial de sucesso?<\/b><\/p>\n<p><span style=\"font-weight: 400;\">Nesse artigo, te mostramos um pouco da import\u00e2ncia e as principais caracter\u00edsticas de uma gest\u00e3o eficaz, agora, vamos te apresentar as 3 melhores dicas para ter de fato uma gest\u00e3o empresarial de sucesso, na pr\u00e1tica<\/span><b>.<\/b><\/p>\n<p><span style=\"font-weight: 400;\">Mas antes disso, vamos te adiantar que, para ter uma gest\u00e3o empresarial eficaz, \u00e9 necess\u00e1rio dominar outros<\/span><b> tr\u00eas tipos de gest\u00e3o: a gest\u00e3o de pessoas, a gest\u00e3o financeira e a gest\u00e3o estrat\u00e9gica.<\/b><\/p>\n<p><span style=\"font-weight: 400;\">Ent\u00e3o vem com a gente nesse passo a passo!<\/span><\/p>\n<p>&nbsp;<\/p>\n<h3>1 Passo: dominar a gest\u00e3o de pessoas<\/h3>\n<p><span style=\"font-weight: 400;\">A <\/span><a href=\"https:\/\/www.voitto.com.br\/blog\/artigo\/gestao-por-competencias\" rel=\"nofollow noopener\" target=\"_blank\"><b>gest\u00e3o de pessoas<\/b><\/a><span style=\"font-weight: 400;\"> diz respeito a como voc\u00ea lida com os seus funcion\u00e1rios, e a forma com que os processos de trabalho s\u00e3o distribu\u00eddos e organizados.<\/span><\/p>\n<p><span style=\"font-weight: 400;\">Nesse tipo de gest\u00e3o, \u00e9 muito importante o desenvolvimento das <\/span><a href=\"https:\/\/www.voitto.com.br\/blog\/artigo\/soft-skills-carreira\" rel=\"nofollow noopener\" target=\"_blank\"><b>Soft Skills<\/b><\/a><span style=\"font-weight: 400;\">, s\u00e3o habilidades interpessoais que nos ajudam a lidar com o que est\u00e1 externo de n\u00f3s, assim como o ambiente, e tamb\u00e9m as pessoas.<\/span><\/p>\n<p><span style=\"font-weight: 400;\">Para dominar a gest\u00e3o de pessoas:<\/span><\/p>\n<ul>\n<li style=\"font-weight: 400;\" aria-level=\"1\"><span style=\"font-weight: 400;\">Pratique a assertividade;<\/span><\/li>\n<li style=\"font-weight: 400;\" aria-level=\"1\"><span style=\"font-weight: 400;\">Desenvolva a habilidade de dar e receber feedbacks;<\/span><\/li>\n<li style=\"font-weight: 400;\" aria-level=\"1\"><span style=\"font-weight: 400;\">Busque ser um l\u00edder emp\u00e1tico;<\/span><\/li>\n<li style=\"font-weight: 400;\" aria-level=\"1\"><span style=\"font-weight: 400;\">Se importe com a sa\u00fade mental de seus funcion\u00e1rios.<\/span><\/li>\n<\/ul>\n<p>&nbsp;<\/p>\n<p><img loading=\"lazy\" decoding=\"async\" class=\"alignnone wp-image-52689 size-full\" src=\"https:\/\/www.iset.com.br\/blog\/wp-content\/uploads\/2021\/12\/Descubra-como-aplica-uma-gestao-empresarial-eficiente-2500x1440-1.jpg\" alt=\"gest\u00e3o empresarial \" width=\"2500\" height=\"1440\" srcset=\"https:\/\/www.iset.com.br\/blog\/wp-content\/uploads\/2021\/12\/Descubra-como-aplica-uma-gestao-empresarial-eficiente-2500x1440-1.jpg 2500w, https:\/\/www.iset.com.br\/blog\/wp-content\/uploads\/2021\/12\/Descubra-como-aplica-uma-gestao-empresarial-eficiente-2500x1440-1-300x173.jpg 300w, https:\/\/www.iset.com.br\/blog\/wp-content\/uploads\/2021\/12\/Descubra-como-aplica-uma-gestao-empresarial-eficiente-2500x1440-1-768x442.jpg 768w, https:\/\/www.iset.com.br\/blog\/wp-content\/uploads\/2021\/12\/Descubra-como-aplica-uma-gestao-empresarial-eficiente-2500x1440-1-1024x590.jpg 1024w, https:\/\/www.iset.com.br\/blog\/wp-content\/uploads\/2021\/12\/Descubra-como-aplica-uma-gestao-empresarial-eficiente-2500x1440-1-1536x885.jpg 1536w, https:\/\/www.iset.com.br\/blog\/wp-content\/uploads\/2021\/12\/Descubra-como-aplica-uma-gestao-empresarial-eficiente-2500x1440-1-2048x1180.jpg 2048w\" sizes=\"(max-width: 2500px) 100vw, 2500px\" \/><\/p>\n<p>&nbsp;<\/p>\n<h3>2 Passo: dominar a gest\u00e3o financeira<\/h3>\n<p><span style=\"font-weight: 400;\">A <\/span><a href=\"https:\/\/www.voitto.com.br\/blog\/artigo\/o-que-e-gestao-financeira\" rel=\"nofollow  noopener\" target=\"_blank\"><b>gest\u00e3o financeira<\/b><\/a><span style=\"font-weight: 400;\"> \u00e9 a respons\u00e1vel pelo capital da sua empresa, dominando essa habilidade, voc\u00ea consegue analisar os recursos financeiros, economizar gastos, investir e inovar com <a href=\"https:\/\/bit.ly\/3HlXOMw\" rel=\"nofollow noopener\" target=\"_blank\">seguran\u00e7a<\/a>.<\/span><\/p>\n<p><span style=\"font-weight: 400;\">Para dominar a gest\u00e3o financeira:<\/span><\/p>\n<ul>\n<li style=\"font-weight: 400;\" aria-level=\"1\"><span style=\"font-weight: 400;\">Conhe\u00e7a o vocabul\u00e1rio do mercado financeiro;<\/span><\/li>\n<li style=\"font-weight: 400;\" aria-level=\"1\"><span style=\"font-weight: 400;\">Estude as an\u00e1lises de indicadores;<\/span><\/li>\n<li style=\"font-weight: 400;\" aria-level=\"1\"><span style=\"font-weight: 400;\">Defina a fun\u00e7\u00e3o das suas finan\u00e7as corporativas;<\/span><\/li>\n<li style=\"font-weight: 400;\" aria-level=\"1\"><span style=\"font-weight: 400;\">Tenha o controle dos gastos.\u00a0<\/span><\/li>\n<\/ul>\n<p>&nbsp;<\/p>\n<h3>3 Passo: dominar a gest\u00e3o estrat\u00e9gica<\/h3>\n<p><span style=\"font-weight: 400;\">A <\/span><a href=\"https:\/\/www.voitto.com.br\/blog\/artigo\/gestao-estrategica\" rel=\"nofollow  noopener\" target=\"_blank\"><b>gest\u00e3o estrat\u00e9gica<\/b><\/a><span style=\"font-weight: 400;\"> \u00e9 a respons\u00e1vel por colocar a sua empresa \u00e0 frente dos seus concorrentes. Isso porque, a partir dela, poder\u00e1 ser criado estrat\u00e9gias para se colocar frente ao mercado e alcan\u00e7ar o reconhecimento e crescimento do neg\u00f3cio.<\/span><\/p>\n<p><span style=\"font-weight: 400;\">Para dominar a gest\u00e3o financeira:<\/span><\/p>\n<ul>\n<li style=\"font-weight: 400;\" aria-level=\"1\"><span style=\"font-weight: 400;\">Trace suas metas;<\/span><\/li>\n<li style=\"font-weight: 400;\" aria-level=\"1\"><span style=\"font-weight: 400;\">Analise seus<a href=\"https:\/\/bit.ly\/3sH5vZj\" rel=\"nofollow noopener\" target=\"_blank\"> indicadores<\/a>;<\/span><\/li>\n<li style=\"font-weight: 400;\" aria-level=\"1\"><span style=\"font-weight: 400;\">Escute ativamente a opini\u00e3o de seus colaboradores;<\/span><\/li>\n<li style=\"font-weight: 400;\" aria-level=\"1\"><span style=\"font-weight: 400;\">Planeje estrat\u00e9gias.<\/span><\/li>\n<\/ul>\n<p>&nbsp;<\/p>\n<p><span style=\"font-weight: 400;\">Com esses passos, voc\u00ea conseguir\u00e1 alcan\u00e7ar, sem d\u00favidas, uma <\/span><b>gest\u00e3o empresarial de sucesso.<\/b><span style=\"font-weight: 400;\"> \u00c9 dominando um pouco de cada \u00e1rea que voc\u00ea se mostra proativo e capaz de gerenciar at\u00e9 mesmo multid\u00f5es!<\/span><\/p>\n<p>&nbsp;<\/p>\n<figure id=\"attachment_46905\" aria-describedby=\"caption-attachment-46905\" style=\"width: 860px\" class=\"wp-caption alignnone\"><a href=\"https:\/\/bit.ly\/3jR4Hwy\" rel=\"nofollow noopener\" target=\"_blank\"><img loading=\"lazy\" decoding=\"async\" class=\"size-full wp-image-46905\" src=\"https:\/\/www.iset.com.br\/blog\/wp-content\/uploads\/2019\/01\/objetivos-e-estrategias.jpg\" alt=\"\" width=\"860\" height=\"260\" srcset=\"https:\/\/www.iset.com.br\/blog\/wp-content\/uploads\/2019\/01\/objetivos-e-estrategias.jpg 860w, https:\/\/www.iset.com.br\/blog\/wp-content\/uploads\/2019\/01\/objetivos-e-estrategias-300x91.jpg 300w, https:\/\/www.iset.com.br\/blog\/wp-content\/uploads\/2019\/01\/objetivos-e-estrategias-768x232.jpg 768w, https:\/\/www.iset.com.br\/blog\/wp-content\/uploads\/2019\/01\/objetivos-e-estrategias-600x181.png 600w, https:\/\/www.iset.com.br\/blog\/wp-content\/uploads\/2019\/01\/objetivos-e-estrategias-24x7.png 24w, https:\/\/www.iset.com.br\/blog\/wp-content\/uploads\/2019\/01\/objetivos-e-estrategias-36x11.png 36w, https:\/\/www.iset.com.br\/blog\/wp-content\/uploads\/2019\/01\/objetivos-e-estrategias-48x15.png 48w\" sizes=\"(max-width: 860px) 100vw, 860px\" \/><\/a><figcaption id=\"caption-attachment-46905\" class=\"wp-caption-text\">Aprenda a definir objetivos claros para alcan\u00e7ar suas metas de maneira eficiente.<\/figcaption><\/figure>\n<p>&nbsp;<\/p>\n<h2>Dica de ouro<\/h2>\n<p><span style=\"font-weight: 400;\">J\u00e1 que voc\u00ea chegou at\u00e9 aqui, separamos algo muito especial para voc\u00ea! Hoje falamos sobre como adquirir uma gest\u00e3o eficiente, mas agora que voc\u00ea j\u00e1 sabe a teoria, que tal aplicar na pr\u00e1tica? Conhe\u00e7a o <\/span><a href=\"https:\/\/www.voitto.com.br\/digital\/formacao-empreendedora\" rel=\"nofollow noopener\" target=\"_blank\"><b>curso de Forma\u00e7\u00e3o Empreendedora!<\/b><\/a><\/p>\n<p><span style=\"font-weight: 400;\">Com ele voc\u00ea poder\u00e1, <\/span><b>sem d\u00favida<\/b><span style=\"font-weight: 400;\">, se tornar um grande gestor e alcan\u00e7ar a t\u00e3o sonhada gest\u00e3o empresarial eficaz.<\/span><\/p>\n<p>&nbsp;<\/p>\n<p>Leia tamb\u00e9m:<\/p>\n<ul>\n<li><a href=\"https:\/\/bit.ly\/3JqIGz9\" rel=\"nofollow noopener\" target=\"_blank\">7 dicas para otimizar a seguran\u00e7a de dados no e-commerce;<\/a><\/li>\n<li><a href=\"https:\/\/bit.ly\/347YgQ3\" rel=\"nofollow noopener\" target=\"_blank\">7 motivos para abandono de carrinhos na sua loja e como resolver cada um;<\/a><\/li>\n<li><a href=\"https:\/\/bit.ly\/3FCUZ99\" rel=\"nofollow noopener\" target=\"_blank\">Guia para aumentar as vendas com o WhatsApp Business.<\/a><\/li>\n<\/ul>\n<p>&nbsp;<\/p>\n<p>N\u00e3o se esque\u00e7a de se inscrever em nosso blog. Toda semana temos v\u00e1rios posts com muitas dicas e novidades para fazer o seu neg\u00f3cio ir a mil! Siga a gente em nossas redes sociais tamb\u00e9m:\u00a0<a href=\"https:\/\/twitter.com\/isetbr\" rel=\"nofollow noopener\" target=\"_blank\">Twitter<\/a>,\u00a0<a href=\"https:\/\/www.facebook.com\/isetbr\" rel=\"nofollow noopener\" target=\"_blank\">Facebook<\/a>,\u00a0<a href=\"https:\/\/www.instagram.com\/isetbr\" rel=\"nofollow noopener\" target=\"_blank\">Instagram<\/a>,\u00a0<a href=\"https:\/\/www.linkedin.com\/company\/isetbr\/\" rel=\"nofollow noopener\" target=\"_blank\">LinkedIn<\/a>\u00a0e\u00a0<a href=\"https:\/\/www.youtube.com.br\/isetbrasil\" rel=\"nofollow noopener\" target=\"_blank\">YouTube<\/a>.<\/p>\n","protected":false},"excerpt":{"rendered":"<p>Uma gest\u00e3o empresarial eficiente \u00e9 aquela que opta pelas melhores t\u00e9cnicas estrat\u00e9gicas. Descubra como aplic\u00e1-las dentro do seu neg\u00f3cio! Descubra como aplicar uma gest\u00e3o empresarial eficiente! Aprenda como aplicar uma gest\u00e3o empresarial eficiente contando com um bom planejamento estrat\u00e9gico. Chamamos de gest\u00e3o empresarial tudo aquilo que diz respeito \u00e0 fun\u00e7\u00e3o de um l\u00edder que tem [&hellip;]<\/p>\n","protected":false},"author":8,"featured_media":52694,"comment_status":"closed","ping_status":"open","sticky":false,"template":"","format":"standard","meta":{"footnotes":""},"categories":[8],"tags":[1984,1985,39,19,1983,1740,1913,448,663,21,81],"class_list":["post-52687","post","type-post","status-publish","format-standard","has-post-thumbnail","hentry","category-dicas-de-ecommerce","tag-aplicar","tag-descubra","tag-e-commerce","tag-ecommerce","tag-eficiente","tag-empresarial","tag-estrategica","tag-gestao","tag-kpi","tag-loja-virtual","tag-planejamento"],"_links":{"self":[{"href":"https:\/\/www.iset.com.br\/blog\/wp-json\/wp\/v2\/posts\/52687","targetHints":{"allow":["GET"]}}],"collection":[{"href":"https:\/\/www.iset.com.br\/blog\/wp-json\/wp\/v2\/posts"}],"about":[{"href":"https:\/\/www.iset.com.br\/blog\/wp-json\/wp\/v2\/types\/post"}],"author":[{"embeddable":true,"href":"https:\/\/www.iset.com.br\/blog\/wp-json\/wp\/v2\/users\/8"}],"replies":[{"embeddable":true,"href":"https:\/\/www.iset.com.br\/blog\/wp-json\/wp\/v2\/comments?post=52687"}],"version-history":[{"count":9,"href":"https:\/\/www.iset.com.br\/blog\/wp-json\/wp\/v2\/posts\/52687\/revisions"}],"predecessor-version":[{"id":52715,"href":"https:\/\/www.iset.com.br\/blog\/wp-json\/wp\/v2\/posts\/52687\/revisions\/52715"}],"wp:featuredmedia":[{"embeddable":true,"href":"https:\/\/www.iset.com.br\/blog\/wp-json\/wp\/v2\/media\/52694"}],"wp:attachment":[{"href":"https:\/\/www.iset.com.br\/blog\/wp-json\/wp\/v2\/media?parent=52687"}],"wp:term":[{"taxonomy":"category","embeddable":true,"href":"https:\/\/www.iset.com.br\/blog\/wp-json\/wp\/v2\/categories?post=52687"},{"taxonomy":"post_tag","embeddable":true,"href":"https:\/\/www.iset.com.br\/blog\/wp-json\/wp\/v2\/tags?post=52687"}],"curies":[{"name":"wp","href":"https:\/\/api.w.org\/{rel}","templated":true}]}}