{"id":52539,"date":"2021-11-22T12:18:35","date_gmt":"2021-11-22T15:18:35","guid":{"rendered":"https:\/\/www.iset.com.br\/blog\/?p=52539"},"modified":"2022-06-03T12:59:42","modified_gmt":"2022-06-03T15:59:42","slug":"decide-sucesso-nas-vendas-black-friday-segredos-voce-nao-sabia","status":"publish","type":"post","link":"https:\/\/www.iset.com.br\/blog\/decide-sucesso-nas-vendas-black-friday-segredos-voce-nao-sabia\/","title":{"rendered":"O que decide o sucesso nas vendas na Black Friday? 5 segredos que voc\u00ea n\u00e3o sabia"},"content":{"rendered":"<p><span style=\"font-weight: 400;\">Para voc\u00ea lojista que j\u00e1 entendeu a for\u00e7a e a capacidade que a Black Friday tem de aumentar as vendas online, al\u00e9m de trazer grandes lucros para o seu neg\u00f3cio.\u00a0<\/span><\/p>\n<p><span style=\"font-weight: 400;\">Se voc\u00ea est\u00e1 atr\u00e1s de dicas de como fazer sucesso durante o evento. <span style=\"text-decoration: underline;\">Voc\u00ea est\u00e1 no lugar certo!<\/span><\/span><\/p>\n<p><span style=\"font-weight: 400;\">Nesse artigo, n\u00f3s separamos os 5 segredos que voc\u00ea precisa saber para ter sucesso em vender online durante a Black Friday desse ano!<\/span><\/p>\n<p>&nbsp;<\/p>\n<h2><span style=\"font-weight: 400;\">Black Friday e o e-commerce<\/span><\/h2>\n<p><span style=\"font-weight: 400;\">O ano de 2019 foi o \u00faltimo em que tivemos uma <a href=\"https:\/\/bit.ly\/3nPArUk\" rel=\"nofollow noopener\" target=\"_blank\">Black Friday<\/a> antes pandemia, <span style=\"text-decoration: underline;\">a renda do <\/span><\/span><span style=\"text-decoration: underline;\">varejo brasileiro superou os 3,2 bilh\u00f5es de reais<\/span><span style=\"font-weight: 400;\">, o valor representa o <\/span>aumento de 23,6%.<\/p>\n<p><span style=\"font-weight: 400;\">Apenas as compras feitas por smartphones foram respons\u00e1veis por <\/span>mais de 1,7 bilh\u00e3o de reais<span style=\"font-weight: 400;\">, <strong>soma que \u00e9 maior que o faturamento inteiro dos tr\u00eas anos anteriores.<\/strong><\/span><\/p>\n<p><span style=\"font-weight: 400;\">J\u00e1 o ano de 2020 foi catastr\u00f3fico para muitas empresas e organiza\u00e7\u00f5es comerciais devido \u00e0 pandemia. Entretanto, o e-commerce desfrutou de um dos seus melhores anos.\u00a0<\/span><\/p>\n<p><span style=\"font-weight: 400;\">Com as pessoas presas em casa, muitas delas passaram a comprar online, isso causou um <\/span><b>avan\u00e7o de 41% no setor.<\/b><\/p>\n<p><span style=\"font-weight: 400;\">Segundo a empresa <\/span><a href=\"https:\/\/www.istoedinheiro.com.br\/e-commerce-sobe-41-em-2020-e-atinge-r-874-milhoes-alta-e-a-maior-em-25\/\" target=\"_blank\" rel=\"nofollow noopener\"><span style=\"font-weight: 400;\">Isto \u00c9 Dinheiro<\/span><\/a><span style=\"font-weight: 400;\">, o e-<\/span>commerce sofreu a maior alta em 13 anos<span style=\"font-weight: 400;\"> e <\/span>alcan\u00e7ou o faturamento de 87,4 milh\u00f5es<span style=\"font-weight: 400;\"> de reais, para voc\u00ea ter ideia, no ano de <\/span>2018 <span style=\"font-weight: 400;\">o <\/span>crescimento do e-commerce foi de 12%<span style=\"font-weight: 400;\"> e em 2019, 16%.\u00a0<\/span><\/p>\n<p><span style=\"font-weight: 400;\">As expectativas para a Black Friday 2021 s\u00e3o de que, os clientes que j\u00e1 criaram uma rela\u00e7\u00e3o mais confiante com o ato de comprar online, desfrutem do evento neste ano com<\/span><b> mais seguran\u00e7a.\u00a0<\/b><\/p>\n<p><span style=\"font-weight: 400;\">E \u00e9 exatamente por isso que os<\/span> lojistas precisam criar cada vez<span style=\"font-weight: 400;\"> mais oportunidades para que seus clientes sejam acolhidos por suas campanhas, pre\u00e7os e plataformas de venda.\u00a0<\/span><\/p>\n<p><span style=\"font-weight: 400;\">Seja atrav\u00e9s de uma loja virtual ou do WhatsApp, o mundo digital para a Black Friday em 2021 ser\u00e1 um <\/span><b>aliado valioso para o aumento das vendas<\/b><strong> e para a <\/strong><b>fideliza\u00e7\u00e3o dos consumidores.<\/b><\/p>\n<p><span style=\"font-weight: 400;\">Vale ressaltar, que os <\/span><b>clientes est\u00e3o muito mais exigentes com as plataformas online do que no ano anterior<\/b><span style=\"font-weight: 400;\">, o com\u00e9rcio eletr\u00f4nico precisa estar preparado para oferecer a melhor experi\u00eancia, com foco m\u00e1ximo na jornada do consumidor.\u00a0<\/span><\/p>\n<p><span style=\"font-weight: 400;\">Afinal, com tantas lojas dispon\u00edveis, abertas 24 horas, sete dias por semana, <\/span><span style=\"text-decoration: underline;\"><span style=\"font-weight: 400;\">garantir o diferencial competitivo da sua empresa tem tudo para trazer sucesso para sua marca.na<\/span><\/span><\/p>\n<p><span style=\"font-weight: 400;\">Faltando poucos dias para a Black Friday 2021, tanto os consumidores quanto os lojistas, j\u00e1 come\u00e7am a se organizar para uma data ainda mais repleta de ofertas e oportunidades.<\/span><\/p>\n<p>&nbsp;<\/p>\n<figure id=\"attachment_46763\" aria-describedby=\"caption-attachment-46763\" style=\"width: 860px\" class=\"wp-caption alignnone\"><a href=\"https:\/\/bit.ly\/3hHd7Ed\" rel=\"nofollow noopener\" target=\"_blank\"><img fetchpriority=\"high\" decoding=\"async\" class=\"size-full wp-image-46763\" src=\"https:\/\/www.iset.com.br\/blog\/wp-content\/uploads\/2015\/06\/fideliza\u00e7\u00e3o.png\" alt=\"\" width=\"860\" height=\"260\" srcset=\"https:\/\/www.iset.com.br\/blog\/wp-content\/uploads\/2015\/06\/fideliza\u00e7\u00e3o.png 860w, https:\/\/www.iset.com.br\/blog\/wp-content\/uploads\/2015\/06\/fideliza\u00e7\u00e3o-300x91.png 300w, https:\/\/www.iset.com.br\/blog\/wp-content\/uploads\/2015\/06\/fideliza\u00e7\u00e3o-768x232.png 768w, https:\/\/www.iset.com.br\/blog\/wp-content\/uploads\/2015\/06\/fideliza\u00e7\u00e3o-600x181.png 600w, https:\/\/www.iset.com.br\/blog\/wp-content\/uploads\/2015\/06\/fideliza\u00e7\u00e3o-24x7.png 24w, https:\/\/www.iset.com.br\/blog\/wp-content\/uploads\/2015\/06\/fideliza\u00e7\u00e3o-36x11.png 36w, https:\/\/www.iset.com.br\/blog\/wp-content\/uploads\/2015\/06\/fideliza\u00e7\u00e3o-48x15.png 48w\" sizes=\"(max-width: 860px) 100vw, 860px\" \/><\/a><figcaption id=\"caption-attachment-46763\" class=\"wp-caption-text\">Preparamos 5 estrat\u00e9gias para atrair e fidelizar os consumidores. N\u00e3o perca!<\/figcaption><\/figure>\n<p>&nbsp;<\/p>\n<h2><span style=\"font-weight: 400;\">5 segredos que voc\u00ea n\u00e3o sabia para ter sucesso nas vendas<\/span><\/h2>\n<h2><span style=\"font-weight: 400;\">1- Ofere\u00e7a uma entrega eficaz<\/span><\/h2>\n<p><span style=\"font-weight: 400;\">Muitas vezes,<\/span><b> rapidez na entrega \u00e9 um fator fundamental <\/b><span style=\"font-weight: 400;\">para o cliente escolher onde adquirir um produto. Seja atrav\u00e9s dos Correios, frota pr\u00f3pria ou empresas de transporte terceirizadas, o objetivo \u00e9<\/span><span style=\"text-decoration: underline;\"><span style=\"font-weight: 400;\"> n\u00e3o deixar seu cliente esperando por muito tempo.<\/span><\/span><\/p>\n<p><span style=\"font-weight: 400;\">Muitos clientes optam por comprar utilizando a internet durante a Black Friday pelo simples motivo da facilidade e agilidade que essa ferramenta proporciona.\u00a0<\/span><\/p>\n<p><span style=\"font-weight: 400;\">Por isso, n\u00e3o adianta seguir todas as dicas, se durante o envio de produtos voc\u00ea decide escolher empresas e formas de envio que acabam atrasando e n\u00e3o seguindo os prazos combinados.<\/span><\/p>\n<p><span style=\"font-weight: 400;\">Essa parte \u00e9 indispens\u00e1vel para que o seu consumidor conclua sua jornada de compra com sucesso, al\u00e9m de criar uma rela\u00e7\u00e3o de confian\u00e7a ainda maior com ele, <\/span><span style=\"text-decoration: underline;\"><span style=\"font-weight: 400;\">com o objetivo de fideliz\u00e1-lo a sua empresa.\u00a0<\/span><\/span><\/p>\n<p><b>Lembre-se:<\/b><span style=\"font-weight: 400;\"> prometa apenas aquilo que voc\u00ea puder cumprir.\u00a0<\/span><\/p>\n<p>&nbsp;<\/p>\n<ul>\n<li><span style=\"font-weight: 400;\">Leia tamb\u00e9m: <a href=\"https:\/\/bit.ly\/3r7bohU\" target=\"_blank\" rel=\"noopener nofollow\">gera\u00e7\u00e3o de leads para a Black Friday: como criar e preparar meus conte\u00fados.<\/a><\/span><\/li>\n<\/ul>\n<p>&nbsp;<\/p>\n<h2><span style=\"font-weight: 400;\">2- Conhe\u00e7a bem o seu p\u00fablico<\/span><\/h2>\n<p><span style=\"font-weight: 400;\">O segredo de uma Black Friday de sucesso \u00e9 sem d\u00favidas <\/span><b>conhecer muito bem quem \u00e9 o p\u00fablico que sua marca procura atingir<\/b><span style=\"font-weight: 400;\">. Ainda que a Black Friday seja uma oportunidade perfeita para vender online, \u00e9 importante criar estrat\u00e9gias de atra\u00e7\u00e3o.<\/span><\/p>\n<p><span style=\"font-weight: 400;\">Isso deve come\u00e7ar desde o seu planejamento inicial para a data, j\u00e1 que reconhecer as car\u00eancias do seu p\u00fablico pode ajudar no sucesso de suas vendas online.<\/span><\/p>\n<p><span style=\"font-weight: 400;\">Portanto, aproveite todas as oportunidades para descobrir:<\/span><\/p>\n<ul>\n<li style=\"font-weight: 400;\" aria-level=\"1\"><span style=\"font-weight: 400;\">O que seus consumidores mais procuram;<\/span><\/li>\n<li style=\"font-weight: 400;\" aria-level=\"1\"><span style=\"font-weight: 400;\">Quais s\u00e3o os gostos deles;<\/span><\/li>\n<li style=\"font-weight: 400;\" aria-level=\"1\"><span style=\"font-weight: 400;\">Quais s\u00e3o as formas de pagamento eles mais utilizam;<\/span><\/li>\n<li style=\"font-weight: 400;\" aria-level=\"1\"><span style=\"font-weight: 400;\">Quais as ofertas e condi\u00e7\u00f5es que mais chamam aten\u00e7\u00e3o deles, etc.<\/span><\/li>\n<\/ul>\n<p>&nbsp;<\/p>\n<p><span style=\"font-weight: 400;\">Afinal, <\/span><span style=\"font-weight: 400;\">\u00e9<span style=\"text-decoration: underline;\"> tipificando bem seu consumidor<\/span><\/span><span style=\"font-weight: 400;\"> que voc\u00ea vai oferecer produtos e servi\u00e7os adequados com as exig\u00eancias deles, al\u00e9m de oferecer uma<a href=\"https:\/\/bit.ly\/3l5c6IJ\" target=\"_blank\" rel=\"noopener nofollow\"> experi\u00eancia de compra<\/a> marcante e encantadora.\u00a0<\/span><\/p>\n<p>&nbsp;<\/p>\n<h2><span style=\"font-weight: 400;\">3- Escolha bem sua plataforma<\/span><\/h2>\n<p><span style=\"font-weight: 400;\">A <a href=\"https:\/\/bit.ly\/32l7GGU\" target=\"_blank\" rel=\"noopener nofollow\">Black Friday<\/a> \u00e9 uma data de compras que gera muitos acessos nas lojas virtuais, por isso \u00e9 preciso estar utilizando uma<\/span><b> plataforma robusta e confi\u00e1vel<\/b><span style=\"font-weight: 400;\"> o suficiente para voc\u00ea n\u00e3o perder vendas durante o evento.<\/span><\/p>\n<p><span style=\"font-weight: 400;\">A <\/span><b>iSET<\/b> <b>\u00e9 uma plataforma de e-commerce que n\u00e3o sai do ar h\u00e1 mais de 5 anos<\/b><span style=\"font-weight: 400;\"> e est\u00e1 mais que pronta para te oferecer uma \u00f3tima experi\u00eancia quando o assunto \u00e9 vender online, seja dentro ou fora da Black Friday.\u00a0<\/span><\/p>\n<p>&nbsp;<\/p>\n<figure id=\"attachment_49544\" aria-describedby=\"caption-attachment-49544\" style=\"width: 860px\" class=\"wp-caption alignnone\"><a href=\"https:\/\/bit.ly\/2X3NUuw\" rel=\"nofollow noopener\" target=\"_blank\"><img decoding=\"async\" class=\"size-full wp-image-49544\" src=\"https:\/\/www.iset.com.br\/blog\/wp-content\/uploads\/2019\/07\/cta-criar-loja-virtual-iset.jpg\" alt=\"\" width=\"860\" height=\"260\" srcset=\"https:\/\/www.iset.com.br\/blog\/wp-content\/uploads\/2019\/07\/cta-criar-loja-virtual-iset.jpg 860w, https:\/\/www.iset.com.br\/blog\/wp-content\/uploads\/2019\/07\/cta-criar-loja-virtual-iset-300x91.jpg 300w, https:\/\/www.iset.com.br\/blog\/wp-content\/uploads\/2019\/07\/cta-criar-loja-virtual-iset-768x232.jpg 768w, https:\/\/www.iset.com.br\/blog\/wp-content\/uploads\/2019\/07\/cta-criar-loja-virtual-iset-600x181.png 600w, https:\/\/www.iset.com.br\/blog\/wp-content\/uploads\/2019\/07\/cta-criar-loja-virtual-iset-24x7.png 24w, https:\/\/www.iset.com.br\/blog\/wp-content\/uploads\/2019\/07\/cta-criar-loja-virtual-iset-36x11.png 36w, https:\/\/www.iset.com.br\/blog\/wp-content\/uploads\/2019\/07\/cta-criar-loja-virtual-iset-48x15.png 48w\" sizes=\"(max-width: 860px) 100vw, 860px\" \/><\/a><figcaption id=\"caption-attachment-49544\" class=\"wp-caption-text\">Sabia que criar uma loja virtual \u00e9 muito mais f\u00e1cil que voc\u00ea imagina?<\/figcaption><\/figure>\n<p>&nbsp;<\/p>\n<h2><span style=\"font-weight: 400;\">4- Descri\u00e7\u00f5es bem feitas e fotos com alta qualidade<\/span><\/h2>\n<p><span style=\"font-weight: 400;\">Uma descri\u00e7\u00e3o completa, com todas as informa\u00e7\u00f5es do produto alinhada a boas imagens dele, conseguem ajudar o visitante a sanar suas d\u00favidas sobre o item antes de finalizar a compra.\u00a0<\/span><\/p>\n<p>&nbsp;<\/p>\n<p><img decoding=\"async\" class=\"alignnone wp-image-52541 size-full\" src=\"https:\/\/www.iset.com.br\/blog\/wp-content\/uploads\/2021\/11\/print-iset-descricao.jpg\" alt=\"black-friday-tema-loja-virtual\" width=\"1345\" height=\"615\" srcset=\"https:\/\/www.iset.com.br\/blog\/wp-content\/uploads\/2021\/11\/print-iset-descricao.jpg 1345w, https:\/\/www.iset.com.br\/blog\/wp-content\/uploads\/2021\/11\/print-iset-descricao-300x137.jpg 300w, https:\/\/www.iset.com.br\/blog\/wp-content\/uploads\/2021\/11\/print-iset-descricao-768x351.jpg 768w, https:\/\/www.iset.com.br\/blog\/wp-content\/uploads\/2021\/11\/print-iset-descricao-1024x468.jpg 1024w\" sizes=\"(max-width: 1345px) 100vw, 1345px\" \/><\/p>\n<p>&nbsp;<\/p>\n<h3><span style=\"font-weight: 400;\">Adapte sua escrita para cada persona<\/span><\/h3>\n<p><span style=\"font-weight: 400;\">Ao descrever um produto para venda, <\/span><span style=\"text-decoration: underline;\"><span style=\"font-weight: 400;\">voc\u00ea deve compreender quem \u00e9 a sua persona<\/span><\/span><span style=\"font-weight: 400;\"> para tornar o texto interessante e convincente.\u00a0<\/span><\/p>\n<p><span style=\"font-weight: 400;\">Seu e-commerce vende produtos dermatol\u00f3gicos e hospitalares? O tom de voz precisa ser mais s\u00e9rio e t\u00e9cnico, al\u00e9m disso, a descri\u00e7\u00e3o precisa ser completa.<\/span><\/p>\n<p>&nbsp;<\/p>\n<h3><span style=\"font-weight: 400;\">Informe sobre as medidas<\/span><\/h3>\n<p><span style=\"font-weight: 400;\">Esteja ligado \u00e0s medidas do produto, portanto o ideal \u00e9 elaborar um texto que informe minuciosamente as medidas de m\u00f3veis, cal\u00e7ados, roupas, eletrodom\u00e9sticos e eletroeletr\u00f4nicos, <strong>essas informa\u00e7\u00f5es fazem com que o cliente tenha seguran\u00e7a ao efetuar a compra.<\/strong><\/span><\/p>\n<p><span style=\"font-weight: 400;\">E-commerces de moda devem apostar em recursos para que os consumidores encontrem o pr\u00f3prio tamanho, al\u00e9m de informar sobre os tamanhos P, M, G e GG, etc.<\/span><\/p>\n<p><span style=\"font-weight: 400;\">Os recursos devem considerar as medidas do corpo para achar o tamanho certo, fazendo com que o consumidor acerte e diminua o n\u00famero de trocas, o que deixa a log\u00edstica mais cara.<\/span><\/p>\n<p>&nbsp;<\/p>\n<p><img loading=\"lazy\" decoding=\"async\" class=\"alignnone wp-image-52540 size-full\" src=\"https:\/\/www.iset.com.br\/blog\/wp-content\/uploads\/2021\/11\/print-iset-tamanhos.jpg\" alt=\"black-friday-loja-virtual-tema\" width=\"1343\" height=\"613\" srcset=\"https:\/\/www.iset.com.br\/blog\/wp-content\/uploads\/2021\/11\/print-iset-tamanhos.jpg 1343w, https:\/\/www.iset.com.br\/blog\/wp-content\/uploads\/2021\/11\/print-iset-tamanhos-300x137.jpg 300w, https:\/\/www.iset.com.br\/blog\/wp-content\/uploads\/2021\/11\/print-iset-tamanhos-768x351.jpg 768w, https:\/\/www.iset.com.br\/blog\/wp-content\/uploads\/2021\/11\/print-iset-tamanhos-1024x467.jpg 1024w\" sizes=\"(max-width: 1343px) 100vw, 1343px\" \/><\/p>\n<p>&nbsp;<\/p>\n<h3><span style=\"font-weight: 400;\">Utilize boas imagens em seus an\u00fancios<\/span><\/h3>\n<p><span style=\"font-weight: 400;\">Voc\u00ea deve sempre utilizar <a href=\"https:\/\/bit.ly\/3HPQx8F\" target=\"_blank\" rel=\"noopener nofollow\">fotos com boa qualidade<\/a> em seu site, pois elas s\u00e3o respons\u00e1veis por transmitir mais profissionalismo e credibilidade aos visitantes da sua loja virtual, elas sem d\u00favidas v\u00e3o te ajudar a vender online.<\/span><\/p>\n<p><span style=\"text-decoration: underline;\"><span style=\"font-weight: 400;\">As imagens tamb\u00e9m s\u00e3o respons\u00e1veis por<\/span><\/span><span style=\"font-weight: 400;\"> melhorar a experi\u00eancia de compra do consumidor, \u00e9 muito dif\u00edcil uma pessoa comprar na sua loja virtual se n\u00e3o puder ao m\u00ednimo visualizar as fotos do produto que deseja antes.<\/span><\/p>\n<p>&nbsp;<\/p>\n<h2><span style=\"font-weight: 400;\">5- Otimize o checkout da sua loja virtual<\/span><\/h2>\n<p><span style=\"font-weight: 400;\">O checkout \u00e9 uma parte muito importante da sua loja e merece aten\u00e7\u00e3o.\u00a0<\/span><\/p>\n<p><span style=\"font-weight: 400;\">Infelizmente o <\/span><b>abandono do carrinho de compras \u00e9 algo que acontece com certa frequ\u00eancia no com\u00e9rcio eletr\u00f4nico<\/b><span style=\"font-weight: 400;\">. Conforme o E-Commerce Radar, no Brasil essa taxa chega a <\/span><b>82%<\/b><span style=\"font-weight: 400;\">.<\/span><\/p>\n<p><span style=\"font-weight: 400;\">Os motivos para essa taxa ser t\u00e3o alta podem ser diversos, como prazo de entrega muito demorado ou frete muito caro. Mas, dentre eles, destaca-se tamb\u00e9m a car\u00eancia de transpar\u00eancia no momento do <a href=\"https:\/\/bit.ly\/30PWYYN\" target=\"_blank\" rel=\"noopener nofollow\">checkout.<\/a><\/span><\/p>\n<p><span style=\"font-weight: 400;\">Por isso, \u00e9 ideal que sua loja adote o <\/span><b>checkout transparente<\/b><span style=\"font-weight: 400;\">.<\/span><\/p>\n<p>&nbsp;<\/p>\n<p><img loading=\"lazy\" decoding=\"async\" class=\"alignnone wp-image-52542 size-full\" src=\"https:\/\/www.iset.com.br\/blog\/wp-content\/uploads\/2021\/11\/print-checkout.jpg\" alt=\"print-tema-iset-black-friday-loja-virtual\" width=\"1347\" height=\"617\" srcset=\"https:\/\/www.iset.com.br\/blog\/wp-content\/uploads\/2021\/11\/print-checkout.jpg 1347w, https:\/\/www.iset.com.br\/blog\/wp-content\/uploads\/2021\/11\/print-checkout-300x137.jpg 300w, https:\/\/www.iset.com.br\/blog\/wp-content\/uploads\/2021\/11\/print-checkout-768x352.jpg 768w, https:\/\/www.iset.com.br\/blog\/wp-content\/uploads\/2021\/11\/print-checkout-1024x469.jpg 1024w\" sizes=\"(max-width: 1347px) 100vw, 1347px\" \/><\/p>\n<p>&nbsp;<\/p>\n<p><strong>Checkout transparente \u00e9 resumidamente o recurso que permite que o cliente finalize a compra na pr\u00f3pria loja virtual, sem ele ser redirecionado para uma p\u00e1gina externa para pagar.\u00a0<\/strong><\/p>\n<p><span style=\"font-weight: 400;\">Portanto, diferentemente do checkout padr\u00e3o, o usu\u00e1rio n\u00e3o \u00e9 direcionado para o site do intermediador de pagamento atrav\u00e9s de uma nova aba ou de um pop-up.<\/span><\/p>\n<p>&nbsp;<\/p>\n<h2 class=\"p2\">Temas para sua loja virtual<\/h2>\n<p class=\"p3\">Utilizar um tema compat\u00edvel com seus produto \u00e9 fundamental para proporcionar ao visitante uma experi\u00eancia completa em sua loja virtual. Pensando nisso, n\u00f3s da iSET desenvolvemos temas que se encaixam perfeitamente em certos nichos de mercado.<\/p>\n<p class=\"p3\">Para voc\u00ea lojista que quer vender muito durante a Black Friday, o tema ideal para sua loja \u00e9 o Black Friday.<\/p>\n<p class=\"p3\"><img loading=\"lazy\" decoding=\"async\" class=\"size-full wp-image-53472 aligncenter ls-is-cached lazyloaded\" src=\"https:\/\/www.iset.com.br\/blog\/wp-content\/webp-express\/webp-images\/uploads\/2021\/11\/mockup-blackfriday-removebg-preview.png.webp\" sizes=\"(max-width: 592px) 100vw, 592px\" srcset=\"https:\/\/www.iset.com.br\/blog\/wp-content\/webp-express\/webp-images\/uploads\/2021\/11\/mockup-blackfriday-removebg-preview.png.webp 592w, https:\/\/www.iset.com.br\/blog\/wp-content\/webp-express\/webp-images\/uploads\/2021\/11\/mockup-blackfriday-removebg-preview-300x214.png.webp 300w\" alt=\"mockup-blackfriday-removebg-preview\" width=\"592\" height=\"422\" data-srcset=\"https:\/\/www.iset.com.br\/blog\/wp-content\/webp-express\/webp-images\/uploads\/2021\/11\/mockup-blackfriday-removebg-preview.png.webp 592w, https:\/\/www.iset.com.br\/blog\/wp-content\/webp-express\/webp-images\/uploads\/2021\/11\/mockup-blackfriday-removebg-preview-300x214.png.webp 300w\" data-src=\"https:\/\/www.iset.com.br\/blog\/wp-content\/webp-express\/webp-images\/uploads\/2021\/11\/mockup-blackfriday-removebg-preview.png.webp\" data-sizes=\"(max-width: 592px) 100vw, 592px\" \/><\/p>\n<p class=\"p3\">O tema\u00a0<strong>Black Friday<\/strong>\u00a0foi criado utilizando cores escuras, desenvolvido especialmente para a data, ele destaca promo\u00e7\u00f5es e apresenta banners bem vis\u00edveis, o tema \u00e9 perfeito para preparar sua loja virtual para o evento de Black Friday.<\/p>\n<p><strong>Veja todos os<\/strong>\u00a0<a href=\"https:\/\/bit.ly\/3xhp4JW\" target=\"_blank\" rel=\"noopener nofollow\">temas dispon\u00edveis na plataforma iSET<\/a>.<\/p>\n<p><span style=\"font-weight: 400;\">Nesse artigo voc\u00ea pode descobrir 5 segredos para ter sucesso nas vendas na Black Friday, espero que tenha gostado. Agora resta a voc\u00ea aplicar essas pr\u00e1ticas em sua loja virtual e aumentar suas vendas online!<\/span><\/p>\n<p><span style=\"font-weight: 400;\">Leia tamb\u00e9m:<\/span><\/p>\n<ul>\n<li><a href=\"https:\/\/bit.ly\/3HPKgd5\" rel=\"nofollow noopener\" target=\"_blank\">O que \u00e9 SAC? Para que serve e que benef\u00edcios traz?\u00a0<\/a><\/li>\n<li><a href=\"https:\/\/bit.ly\/3cK4aYB\" rel=\"nofollow noopener\" target=\"_blank\">Como gerenciar os seus canais de vendas na Black Friday?<\/a><\/li>\n<li><a href=\"https:\/\/bit.ly\/3E0WZHm\" rel=\"nofollow noopener\" target=\"_blank\">Como reverter boletos que n\u00e3o foram pagos?<\/a><\/li>\n<\/ul>\n<p>&nbsp;<\/p>\n<p style=\"text-align: center;\"><span style=\"font-size: 20px;\">N\u00e3o se esque\u00e7a de se inscrever na nossa Newsletter! Toda semana temos v\u00e1rios posts com muitas dicas e novidades para fazer o seu neg\u00f3cio decolar!<\/span><\/p>\n<form action=\"https:\/\/paginas.rocks\/pages\/index\/311172\" method=\"post\"><input id=\"id\" name=\"id\" type=\"hidden\" value=\"311172\" \/><input id=\"mid\" name=\"mid\" type=\"hidden\" value=\"311172\" \/><input id=\"pid\" name=\"pid\" type=\"hidden\" value=\"18494173\" \/><input id=\"list_id\" name=\"list_id\" type=\"hidden\" value=\"311172\" \/><input id=\"provider\" name=\"provider\" type=\"hidden\" value=\"leadlovers\" \/><input id=\"email\" class=\"form-control form-ll\" name=\"email\" type=\"text\" placeholder=\"Informe o seu email\" \/><br \/>\n<button class=\"btn btn-danger\" style=\"padding: 10px; width: 100%; margin: 15px 0 5px; background-color: rgba(0, 102, 153, 1); border-color: rgba(0, 102, 153, 1) !important;\" type=\"submit\">Inscreva-se<\/button><span style=\"text-align: center;\">\u00a0\u00a0<\/span><\/form>\n","protected":false},"excerpt":{"rendered":"<p>Para voc\u00ea lojista que j\u00e1 entendeu a for\u00e7a e a capacidade que a Black Friday tem de aumentar as vendas online, al\u00e9m de trazer grandes lucros para o seu neg\u00f3cio.\u00a0 Se voc\u00ea est\u00e1 atr\u00e1s de dicas de como fazer sucesso durante o evento. Voc\u00ea est\u00e1 no lugar certo! Nesse artigo, n\u00f3s separamos os 5 segredos [&hellip;]<\/p>\n","protected":false},"author":27,"featured_media":52543,"comment_status":"closed","ping_status":"open","sticky":false,"template":"","format":"standard","meta":{"footnotes":""},"categories":[1006,667,8,227],"tags":[875,971,22,1148,39,903,21,84,1858,76,1959,92,414,36],"class_list":["post-52539","post","type-post","status-publish","format-standard","has-post-thumbnail","hentry","category-black-friday","category-controle-financeiro","category-dicas-de-ecommerce","category-gestao-e-negocios","tag-aumentar-vendas","tag-black-friday","tag-checkout","tag-descricoes","tag-e-commerce","tag-entrega","tag-loja-virtual","tag-online","tag-plataformas","tag-publico","tag-segredos","tag-sucesso","tag-vendas-online","tag-vender-online"],"_links":{"self":[{"href":"https:\/\/www.iset.com.br\/blog\/wp-json\/wp\/v2\/posts\/52539","targetHints":{"allow":["GET"]}}],"collection":[{"href":"https:\/\/www.iset.com.br\/blog\/wp-json\/wp\/v2\/posts"}],"about":[{"href":"https:\/\/www.iset.com.br\/blog\/wp-json\/wp\/v2\/types\/post"}],"author":[{"embeddable":true,"href":"https:\/\/www.iset.com.br\/blog\/wp-json\/wp\/v2\/users\/27"}],"replies":[{"embeddable":true,"href":"https:\/\/www.iset.com.br\/blog\/wp-json\/wp\/v2\/comments?post=52539"}],"version-history":[{"count":10,"href":"https:\/\/www.iset.com.br\/blog\/wp-json\/wp\/v2\/posts\/52539\/revisions"}],"predecessor-version":[{"id":53517,"href":"https:\/\/www.iset.com.br\/blog\/wp-json\/wp\/v2\/posts\/52539\/revisions\/53517"}],"wp:featuredmedia":[{"embeddable":true,"href":"https:\/\/www.iset.com.br\/blog\/wp-json\/wp\/v2\/media\/52543"}],"wp:attachment":[{"href":"https:\/\/www.iset.com.br\/blog\/wp-json\/wp\/v2\/media?parent=52539"}],"wp:term":[{"taxonomy":"category","embeddable":true,"href":"https:\/\/www.iset.com.br\/blog\/wp-json\/wp\/v2\/categories?post=52539"},{"taxonomy":"post_tag","embeddable":true,"href":"https:\/\/www.iset.com.br\/blog\/wp-json\/wp\/v2\/tags?post=52539"}],"curies":[{"name":"wp","href":"https:\/\/api.w.org\/{rel}","templated":true}]}}