{"id":51894,"date":"2021-08-30T12:11:28","date_gmt":"2021-08-30T15:11:28","guid":{"rendered":"https:\/\/www.iset.com.br\/blog\/?p=51894"},"modified":"2021-09-02T14:39:04","modified_gmt":"2021-09-02T17:39:04","slug":"passo-a-passo-aprenda-tudo-sobre-facebook-business","status":"publish","type":"post","link":"https:\/\/www.iset.com.br\/blog\/passo-a-passo-aprenda-tudo-sobre-facebook-business\/","title":{"rendered":"Passo a passo: aprenda tudo o que voc\u00ea precisa sobre o Facebook Business"},"content":{"rendered":"<p><span style=\"font-weight: 400;\">Como a grande maioria das redes sociais, o <\/span><b>Facebook <\/b><span style=\"font-weight: 400;\">foi criado com o intuito de reunir pessoas, mas essa rede social escalou de tal forma a ponto de alcan\u00e7ar n\u00fameros extraordin\u00e1rios.\u00a0<\/span><\/p>\n<p><span style=\"font-weight: 400;\">Segundo dados relatados pela NapoleonCat em janeiro de 2021, s\u00f3 no Brasil havia <\/span><b>150 milh\u00f5es<\/b><span style=\"font-weight: 400;\"> de usu\u00e1rios do Facebook, esse n\u00famero <\/span><b>representava<\/b> <b>69,3% da nossa popula\u00e7\u00e3o.\u00a0<\/b><\/p>\n<p><span style=\"font-weight: 400;\">Com certeza esses n\u00fameros astron\u00f4micos chamaram aten\u00e7\u00e3o das empresas para essa rede social. Acontecendo de tal forma que o pr\u00f3prio Facebook viu a necessidade de criar uma plataforma voltada apenas para as organiza\u00e7\u00f5es, assim surgiu o <\/span><b>Facebook Business<\/b><span style=\"font-weight: 400;\">.\u00a0<\/span><\/p>\n<p><span style=\"font-weight: 400;\">Continue lendo e descubra tudo sobre o <\/span><a href=\"https:\/\/bit.ly\/3zseM8q\" rel=\"nofollow noopener\" target=\"_blank\"><b>Facebook Business<\/b><\/a><span style=\"font-weight: 400;\"> e veja o passo a passo de como usar essa plataforma da melhor maneira poss\u00edvel.<\/span><\/p>\n<p>&nbsp;<\/p>\n<h2><span style=\"font-weight: 400;\">O que \u00e9 o Facebook Business?<\/span><\/h2>\n<p><span style=\"font-weight: 400;\">O Facebook Business \u00e9 uma ferramenta disponibilizada pela pr\u00f3pria rede social de forma gratuita, usada para <\/span><b>gerenciar atividades realizadas no Facebook<\/b><span style=\"font-weight: 400;\">.\u00a0<\/span><\/p>\n<p><span style=\"font-weight: 400;\">Por meio desta ferramenta \u00e9 poss\u00edvel criar cat\u00e1logos p\u00fablicos, responder clientes, fazer publica\u00e7\u00f5es al\u00e9m de criar an\u00fancios n\u00e3o s\u00f3 para o Facebook, como tamb\u00e9m para outras redes sociais, como <\/span><b>Instagram<\/b><span style=\"font-weight: 400;\"> e<\/span><b> WhatsApp.<\/b><\/p>\n<p><span style=\"font-weight: 400;\">Portanto, <\/span><b>o gerenciador de neg\u00f3cios junta todos os ativos do Facebook em um s\u00f3 local<\/b><span style=\"font-weight: 400;\">, tornando poss\u00edvel que v\u00e1rios colaboradores possam trabalhar nele, sem que necessariamente tenham acesso ao login e senha do https:\/\/www.iset.com.br\/blog\/wp-content\/uploads\/2023\/05\/estrategias-marketing-semana-consumidor-2500&#215;1440-1-1536&#215;885-1.webpistrador.\u00a0\u00a0<\/span><\/p>\n<p><span style=\"font-weight: 400;\">Dessa forma, pode-se concluir que se trata de uma ferramenta indispens\u00e1vel para quem quer desenvolver uma estrat\u00e9gia de marketing digital online, utilizando as redes sociais com o objetivo de realizar suas vendas.<\/span><\/p>\n<p>&nbsp;<\/p>\n<h2><img fetchpriority=\"high\" decoding=\"async\" class=\"aligncenter wp-image-51895 size-full\" src=\"https:\/\/www.iset.com.br\/blog\/wp-content\/uploads\/2021\/08\/print-usuarios-facebook-janeiro-2021.jpg\" alt=\"Passo-a-passo-aprenda-tudo-o-que-voc\u00ea-precisa-sobre-o-Facebook-Business-1160x653\" width=\"552\" height=\"548\" srcset=\"https:\/\/www.iset.com.br\/blog\/wp-content\/uploads\/2021\/08\/print-usuarios-facebook-janeiro-2021.jpg 552w, https:\/\/www.iset.com.br\/blog\/wp-content\/uploads\/2021\/08\/print-usuarios-facebook-janeiro-2021-150x150.jpg 150w, https:\/\/www.iset.com.br\/blog\/wp-content\/uploads\/2021\/08\/print-usuarios-facebook-janeiro-2021-300x298.jpg 300w\" sizes=\"(max-width: 552px) 100vw, 552px\" \/><\/h2>\n<p>&nbsp;<\/p>\n<h2><span style=\"font-weight: 400;\">Facebook ou Facebook Business?<\/span><\/h2>\n<p><span style=\"font-weight: 400;\">O <\/span><b>Facebook Business<\/b><span style=\"font-weight: 400;\"> \u00e9 a plataforma de neg\u00f3cios do Facebook, \u00e9 nela onde est\u00e3o reunidas todas as ferramentas exclusivas para as empresas.<\/span><\/p>\n<p><span style=\"font-weight: 400;\">O <\/span><b>Facebook \u201ctradicional\u201d<\/b><span style=\"font-weight: 400;\">, trata-se da rede social onde fazemos login usando nossa conta pessoal, nela temos a possibilidade de criar fan pages, \u00e9 um espa\u00e7o para sua empresa dentro da rede social.<\/span><\/p>\n<p><span style=\"font-weight: 400;\">Utilizando uma conta pessoal \u00e9 at\u00e9 poss\u00edvel gerenciar os conte\u00fados da sua organiza\u00e7\u00e3o e interagir com clientes, por\u00e9m se voc\u00ea procura algo<\/span><b> mais profissional<\/b><span style=\"font-weight: 400;\">, o Facebook Business <\/span><b>\u00e9 a melhor escolha.<\/b><\/p>\n<p><span style=\"font-weight: 400;\">Por meio dele, voc\u00ea ter\u00e1 dispon\u00edvel uma s\u00e9rie de ferramentas exclusivas, como a chance de ativar a Facebook Store em sua p\u00e1gina e a cria\u00e7\u00e3o de um pixel para instalar em seu site.<\/span><\/p>\n<p><span style=\"font-weight: 400;\">Isso tudo \u00e9 feito utilizando o <\/span><b>Facebook Business Manager<\/b><span style=\"font-weight: 400;\">, tamb\u00e9m conhecido como <\/span><b>Gerenciador de Neg\u00f3cios<\/b><span style=\"font-weight: 400;\">.<\/span><\/p>\n<p>&nbsp;<\/p>\n<h2><span style=\"font-weight: 400;\">Quais as vantagens de usar o Facebook Business?<\/span><\/h2>\n<p><span style=\"font-weight: 400;\">No m\u00eas de abril do ano de 2020, a rede social contava com <\/span><b>120 milh\u00f5es de usu\u00e1rios ativos s\u00f3 no nosso pa\u00eds<\/b><span style=\"font-weight: 400;\">, levando o Brasil para o quarto lugar no ranking de pa\u00edses com maior n\u00famero de usu\u00e1rios presentes no Facebook.<\/span><\/p>\n<p><span style=\"font-weight: 400;\">As organiza\u00e7\u00f5es observaram esse n\u00famero gigantesco de pessoas utilizando o Facebook e perceberam que n\u00e3o podiam ficar de fora, com isso as marcas come\u00e7aram a entrar cada vez mais no mundo das redes sociais.<\/span><\/p>\n<p><span style=\"font-weight: 400;\">Dentre os <\/span><b>principais benef\u00edcios<\/b> <b>que o Facebook Business<\/b><span style=\"font-weight: 400;\"> traz para sua empresa est\u00e3o:<\/span><\/p>\n<ul>\n<li style=\"font-weight: 400;\" aria-level=\"1\"><span style=\"font-weight: 400;\">Facilitar o gerenciamento das notifica\u00e7\u00f5es;<\/span><\/li>\n<li style=\"font-weight: 400;\" aria-level=\"1\"><span style=\"font-weight: 400;\">Aumentar o alcance da marca;<\/span><\/li>\n<li style=\"font-weight: 400;\" aria-level=\"1\"><span style=\"font-weight: 400;\">Fornecer dados sobre os seguidores;<\/span><\/li>\n<li style=\"font-weight: 400;\" aria-level=\"1\"><span style=\"font-weight: 400;\">Permitir o acesso por diversos dispositivos;<\/span><\/li>\n<li style=\"font-weight: 400;\" aria-level=\"1\"><span style=\"font-weight: 400;\">Agregar <\/span><a href=\"https:\/\/bit.ly\/3jiGuyB\" rel=\"nofollow noopener\" target=\"_blank\"><span style=\"font-weight: 400;\">credibilidade<\/span><\/a><span style=\"font-weight: 400;\"> ao seu neg\u00f3cio;<\/span><\/li>\n<li style=\"font-weight: 400;\" aria-level=\"1\"><span style=\"font-weight: 400;\">E muito mais!<\/span><\/li>\n<\/ul>\n<p>&nbsp;<\/p>\n<figure id=\"attachment_45821\" aria-describedby=\"caption-attachment-45821\" style=\"width: 860px\" class=\"wp-caption alignnone\"><a href=\"https:\/\/bit.ly\/3dSHiXI\" rel=\"nofollow noopener\" target=\"_blank\"><img decoding=\"async\" class=\"size-full wp-image-45821\" src=\"https:\/\/www.iset.com.br\/blog\/wp-content\/uploads\/2015\/01\/credibilidade4.jpg\" alt=\"\" width=\"860\" height=\"260\" srcset=\"https:\/\/www.iset.com.br\/blog\/wp-content\/uploads\/2015\/01\/credibilidade4.jpg 860w, https:\/\/www.iset.com.br\/blog\/wp-content\/uploads\/2015\/01\/credibilidade4-300x91.jpg 300w, https:\/\/www.iset.com.br\/blog\/wp-content\/uploads\/2015\/01\/credibilidade4-768x232.jpg 768w, https:\/\/www.iset.com.br\/blog\/wp-content\/uploads\/2015\/01\/credibilidade4-600x181.png 600w, https:\/\/www.iset.com.br\/blog\/wp-content\/uploads\/2015\/01\/credibilidade4-24x7.png 24w, https:\/\/www.iset.com.br\/blog\/wp-content\/uploads\/2015\/01\/credibilidade4-36x11-1.jpg 36w, https:\/\/www.iset.com.br\/blog\/wp-content\/uploads\/2015\/01\/credibilidade4-48x15-1.jpg 48w\" sizes=\"(max-width: 860px) 100vw, 860px\" \/><\/a><figcaption id=\"caption-attachment-45821\" class=\"wp-caption-text\">Clique aqui e leia nosso post com 5 dicas para voc\u00ea melhorar a credibilidade da sua loja virtual<\/figcaption><\/figure>\n<p>&nbsp;<\/p>\n<h2><span style=\"font-weight: 400;\">Como criar uma p\u00e1gina no Facebook e no Facebook Business?<\/span><\/h2>\n<p><span style=\"font-weight: 400;\">Para fazer uma conta no Facebook Business, voc\u00ea precisa primeiramente <\/span><a href=\"https:\/\/bit.ly\/2WosdHH\" rel=\"nofollow noopener\" target=\"_blank\"><b>ter uma p\u00e1gina no Facebook.\u00a0<\/b><\/a><\/p>\n<p><span style=\"font-weight: 400;\">A p\u00e1gina permite que organiza\u00e7\u00f5es e figuras p\u00fablicas compartilhem conte\u00fado e se conectem com as pessoas. Semelhante aos perfis, as p\u00e1ginas podem ser personalizadas com stories, eventos e outros recursos da rede social.\u00a0<\/span><\/p>\n<p><span style=\"font-weight: 400;\">Para criar uma p\u00e1gina, basta <\/span><b>seguir os seguintes passos:<\/b><\/p>\n<ol>\n<li style=\"font-weight: 400;\" aria-level=\"1\"><span style=\"font-weight: 400;\">Acessar o site <\/span><a href=\"https:\/\/pt-br.facebook.com\/pages\/create\/?ref_type=hc\" rel=\"nofollow noopener\" target=\"_blank\"><span style=\"font-weight: 400;\">facebook.com\/pages\/create<\/span><\/a><span style=\"font-weight: 400;\">;<\/span><\/li>\n<li style=\"font-weight: 400;\" aria-level=\"1\"><span style=\"font-weight: 400;\">Clicar para escolher uma categoria;<\/span><\/li>\n<li style=\"font-weight: 400;\" aria-level=\"1\"><span style=\"font-weight: 400;\">Adicionar uma foto de perfil ou de capa que \u00e9 opcional e clicar em <\/span><b>Criar p\u00e1gina<\/b><span style=\"font-weight: 400;\">.<\/span><\/li>\n<\/ol>\n<p>&nbsp;<\/p>\n<h2><img decoding=\"async\" class=\"alignnone wp-image-51908 size-full\" src=\"https:\/\/www.iset.com.br\/blog\/wp-content\/uploads\/2021\/08\/ultimo-print.jpg\" alt=\"\" width=\"1047\" height=\"618\" srcset=\"https:\/\/www.iset.com.br\/blog\/wp-content\/uploads\/2021\/08\/ultimo-print.jpg 1047w, https:\/\/www.iset.com.br\/blog\/wp-content\/uploads\/2021\/08\/ultimo-print-300x177.jpg 300w, https:\/\/www.iset.com.br\/blog\/wp-content\/uploads\/2021\/08\/ultimo-print-768x453.jpg 768w, https:\/\/www.iset.com.br\/blog\/wp-content\/uploads\/2021\/08\/ultimo-print-1024x604.jpg 1024w\" sizes=\"(max-width: 1047px) 100vw, 1047px\" \/><\/h2>\n<p>&nbsp;<\/p>\n<p><span style=\"font-weight: 400;\">Ap\u00f3s isso para criar uma p\u00e1gina no <\/span><b>Facebook Business <\/b><span style=\"font-weight: 400;\">voc\u00ea deve seguir os seguintes passos:<\/span><\/p>\n<ol>\n<li style=\"font-weight: 400;\" aria-level=\"1\"><span style=\"font-weight: 400;\">Entre no site <\/span><a href=\"https:\/\/business.facebook.com\/overview\" rel=\"nofollow noopener\" target=\"_blank\"><span style=\"font-weight: 400;\">business.facebook.com<\/span><\/a><span style=\"font-weight: 400;\">;<\/span><\/li>\n<li style=\"font-weight: 400;\" aria-level=\"1\"><span style=\"font-weight: 400;\">Clique em <\/span><b>Criar conta<\/b><span style=\"font-weight: 400;\">;<\/span><\/li>\n<li style=\"font-weight: 400;\" aria-level=\"1\"><span style=\"font-weight: 400;\">Preencha o nome da sua empresa, seu e-mail profissional e seu nome. Depois clique em <\/span><b>Avan\u00e7ar<\/b><span style=\"font-weight: 400;\">;<\/span><\/li>\n<li style=\"font-weight: 400;\" aria-level=\"1\"><span style=\"font-weight: 400;\">Agora basta colocar todos os detalhes da empresa e depois <\/span><b>Enviar<\/b><span style=\"font-weight: 400;\">.<\/span><\/li>\n<\/ol>\n<p>&nbsp;<\/p>\n<p><img loading=\"lazy\" decoding=\"async\" class=\"alignnone size-full wp-image-51897\" src=\"https:\/\/www.iset.com.br\/blog\/wp-content\/uploads\/2021\/08\/PRINT-facebook-para-empresas-1160x653-1.jpg\" alt=\"-facebook-para-empresas-1363x540\" width=\"1363\" height=\"540\" srcset=\"https:\/\/www.iset.com.br\/blog\/wp-content\/uploads\/2021\/08\/PRINT-facebook-para-empresas-1160x653-1.jpg 1363w, https:\/\/www.iset.com.br\/blog\/wp-content\/uploads\/2021\/08\/PRINT-facebook-para-empresas-1160x653-1-300x119.jpg 300w, https:\/\/www.iset.com.br\/blog\/wp-content\/uploads\/2021\/08\/PRINT-facebook-para-empresas-1160x653-1-768x304.jpg 768w, https:\/\/www.iset.com.br\/blog\/wp-content\/uploads\/2021\/08\/PRINT-facebook-para-empresas-1160x653-1-1024x406.jpg 1024w\" sizes=\"(max-width: 1363px) 100vw, 1363px\" \/><\/p>\n<h2><span style=\"font-weight: 400;\">Quanto custa anunciar no Facebook?<\/span><\/h2>\n<p><span style=\"font-weight: 400;\">Para anunciar no Facebook, <\/span><b>voc\u00ea escolhe quanto quer gastar em publicidade<\/b><span style=\"font-weight: 400;\">, geralmente n\u00e3o existe um valor m\u00ednimo para ser investido.\u00a0<\/span><\/p>\n<p><span style=\"font-weight: 400;\">Essa \u00e9 uma das d\u00favidas mais comuns entre os novos usu\u00e1rios.<\/span><\/p>\n<p><span style=\"font-weight: 400;\">Se voc\u00ea quiser gastar <\/span><b>6 reais<\/b><span style=\"font-weight: 400;\"> por dia, voc\u00ea pode. Se voc\u00ea quiser gastar <\/span><b>600 reais<\/b><span style=\"font-weight: 400;\"> por semana, voc\u00ea tamb\u00e9m pode!<\/span><\/p>\n<p><span style=\"font-weight: 400;\">Lembrando que, alguns an\u00fancios mais avan\u00e7ados <\/span><b>cobram um valor m\u00ednimo para funcionarem<\/b><span style=\"font-weight: 400;\">. Mas pode ficar tranquilo que voc\u00ea ser\u00e1 notificado sobre isso ao criar um an\u00fancio desse tipo.<\/span><\/p>\n<p><span style=\"font-weight: 400;\">Al\u00e9m disso, existem formas de voc\u00ea garantir que n\u00e3o ir\u00e1 gastar mais do que deseja, s\u00e3o:<\/span><\/p>\n<ul>\n<li style=\"font-weight: 400;\" aria-level=\"1\"><b>Limite de gastos da campanha<\/b><span style=\"font-weight: 400;\">, onde voc\u00ea pode definir o valor m\u00e1ximo que est\u00e1 disposto a gastar em uma campanha de an\u00fancios espec\u00edfica;<\/span><\/li>\n<li style=\"font-weight: 400;\" aria-level=\"1\"><b>Limite de gastos da conta<\/b><span style=\"font-weight: 400;\">, nele \u00e9 poss\u00edvel escolher o valor m\u00e1ximo que voc\u00ea est\u00e1 disposto a pagar em todas as campanhas que est\u00e1 veiculando.<\/span><\/li>\n<\/ul>\n<p>&nbsp;<\/p>\n<h2><span style=\"font-weight: 400;\">Facebook Business Suite<\/span><\/h2>\n<p><span style=\"font-weight: 400;\">O que \u00e9 Facebook Business Suite? Trata-se de um <\/span><b>gerenciador do Facebook para anunciantes iniciantes<\/b><span style=\"font-weight: 400;\">, uma ferramenta para ajudar quem est\u00e1 come\u00e7ando a fazer seus an\u00fancios no Facebook agora.<\/span><\/p>\n<p><span style=\"font-weight: 400;\">Nela voc\u00ea consegue programar postagens para o Facebook e o <\/span><a href=\"https:\/\/bit.ly\/3yijS5L\" rel=\"nofollow noopener\" target=\"_blank\"><span style=\"font-weight: 400;\">Instagram<\/span><\/a><span style=\"font-weight: 400;\"> ao mesmo tempo. Antes s\u00f3 era poss\u00edvel fazer isso pagando um ferramenta espec\u00edfica para programar desta forma.<\/span><\/p>\n<p><span style=\"font-weight: 400;\">Outra coisa que voc\u00ea tamb\u00e9m consegue fazer por l\u00e1 \u00e9 a <\/span><b>cria\u00e7\u00e3o de mensagens instant\u00e2neas, respostas autom\u00e1ticas<\/b><span style=\"font-weight: 400;\"> para quando as pessoas entrarem em contato com o perfil da sua marca, tanto pelo direct quanto pelo messenger.<\/span><\/p>\n<p><span style=\"font-weight: 400;\">S\u00e3o funcionalidades que j\u00e1 existiam antes, por\u00e9m muitas pessoas n\u00e3o sabiam onde encontr\u00e1-las.<\/span><\/p>\n<p><span style=\"font-weight: 400;\">Com isso, o Facebook teve a ideia de juntar suas principais ferramentas para ajudar os anunciantes da sua plataforma.<\/span><\/p>\n<p>&nbsp;<\/p>\n<h2><span style=\"font-weight: 400;\">Como mudar sua p\u00e1gina principal no Gerenciador de Neg\u00f3cios<\/span><\/h2>\n<p><span style=\"font-weight: 400;\">A p\u00e1gina que voc\u00ea adicionar ao Gerenciador de Neg\u00f3cios ser\u00e1 considerada a sua p\u00e1gina principal.\u00a0<\/span><\/p>\n<p><span style=\"font-weight: 400;\">Para mudar sua p\u00e1gina principal, basta adicionar mais p\u00e1ginas ao Gerenciador de Neg\u00f3cios e selecionar aquela que deseja que seja a principal.\u00a0<\/span><\/p>\n<p><span style=\"font-weight: 400;\">Passos para mudar sua p\u00e1gina principal no Gerenciador de Neg\u00f3cios:<\/span><\/p>\n<ol>\n<li style=\"font-weight: 400;\" aria-level=\"1\"><span style=\"font-weight: 400;\">Acesse as <\/span><a href=\"https:\/\/pt-br.facebook.com\/micro_site\/url\/?click_from_context_menu=true&amp;country=BR&amp;destination=https%3A%2F%2Fbusiness.facebook.com%2Fsettings&amp;event_type=click&amp;last_nav_impression_id=0fIDfkx9uzGOUHzsv&amp;max_percent_page_viewed=85&amp;max_viewport_height_px=625&amp;max_viewport_width_px=1366&amp;orig_http_referrer=https%3A%2F%2Fwww.google.com%2F&amp;orig_request_uri=https%3A%2F%2Fpt-br.facebook.com%2Fbusiness%2Fhelp%2F1809771339071540&amp;primary_cmsid=1809771339071540&amp;primary_content_locale=pt_BR&amp;region=latam&amp;scrolled=true&amp;session_id=2N3SrmCav4lti92px&amp;site=fb4b&amp;extra_data[view_type]=v3_initial_view&amp;extra_data[site_section]=help&amp;extra_data[placement]=%2Fbusiness%2Fhelp%2F1809771339071540\" rel=\"nofollow noopener\" target=\"_blank\"><span style=\"font-weight: 400;\">Configura\u00e7\u00f5es do neg\u00f3cio<\/span><\/a><span style=\"font-weight: 400;\">;<\/span><\/li>\n<li style=\"font-weight: 400;\" aria-level=\"1\">Selecione <b>informa\u00e7\u00f5es da empresa<\/b>;<\/li>\n<li style=\"font-weight: 400;\" aria-level=\"1\"><span style=\"font-weight: 400;\">Ao lado do nome do seu Gerenciador de Neg\u00f3cios, identidade do Gerenciador de Neg\u00f3cios e P\u00e1gina principal atual, clique em Editar;<\/span><\/li>\n<li style=\"font-weight: 400;\" aria-level=\"1\"><span style=\"font-weight: 400;\">Escolha a p\u00e1gina que voc\u00ea deseja colocar como principal;<\/span><\/li>\n<li style=\"font-weight: 400;\" aria-level=\"1\"><span style=\"font-weight: 400;\">Tudo pronto, s\u00f3 clicar em <\/span><b>Salvar<\/b><span style=\"font-weight: 400;\">.<\/span><\/li>\n<\/ol>\n<p>&nbsp;<\/p>\n<h2><img loading=\"lazy\" decoding=\"async\" class=\"alignnone wp-image-51900 size-full\" src=\"https:\/\/www.iset.com.br\/blog\/wp-content\/uploads\/2021\/08\/Passo-a-passo-aprenda-tudo-o-que-voce-precisa-sobre-o-Facebook-Business-1160x653-1-e1630334652194.jpg\" alt=\"Passo-a-passo-aprenda-tudo-o-que-voc\u00ea-precisa-sobre-o-Facebook-Business-1160x653 (1)\" width=\"1084\" height=\"429\" srcset=\"https:\/\/www.iset.com.br\/blog\/wp-content\/uploads\/2021\/08\/Passo-a-passo-aprenda-tudo-o-que-voce-precisa-sobre-o-Facebook-Business-1160x653-1-e1630334652194.jpg 1084w, https:\/\/www.iset.com.br\/blog\/wp-content\/uploads\/2021\/08\/Passo-a-passo-aprenda-tudo-o-que-voce-precisa-sobre-o-Facebook-Business-1160x653-1-e1630334652194-300x119.jpg 300w, https:\/\/www.iset.com.br\/blog\/wp-content\/uploads\/2021\/08\/Passo-a-passo-aprenda-tudo-o-que-voce-precisa-sobre-o-Facebook-Business-1160x653-1-e1630334652194-768x304.jpg 768w, https:\/\/www.iset.com.br\/blog\/wp-content\/uploads\/2021\/08\/Passo-a-passo-aprenda-tudo-o-que-voce-precisa-sobre-o-Facebook-Business-1160x653-1-e1630334652194-1024x405.jpg 1024w\" sizes=\"(max-width: 1084px) 100vw, 1084px\" \/><\/h2>\n<p>&nbsp;<\/p>\n<h2><span style=\"font-weight: 400;\">Para que serve o App Facebook Manager<\/span><\/h2>\n<p><span style=\"font-weight: 400;\">O aplicativo do Facebook Manager \u00e9 o app oficial do Facebook para Android e iOS desenvolvido para <\/span><b>https:\/\/www.iset.com.br\/blog\/wp-content\/uploads\/2023\/05\/estrategias-marketing-semana-consumidor-2500&#215;1440-1-1536&#215;885-1.webpistrar os perfis de neg\u00f3cios criados dentro do site<\/b><span style=\"font-weight: 400;\">.<\/span><\/p>\n<p><span style=\"font-weight: 400;\">Para come\u00e7ar a usar o app, voc\u00ea precisa permitir o acesso dele \u00e0 sua conta, depois \u00e0 p\u00e1gina que deseja https:\/\/www.iset.com.br\/blog\/wp-content\/uploads\/2023\/05\/estrategias-marketing-semana-consumidor-2500&#215;1440-1-1536&#215;885-1.webpistrar.\u00a0<\/span><\/p>\n<p><span style=\"font-weight: 400;\">Ap\u00f3s isso, ela ser\u00e1 exibida na p\u00e1gina inicial do seu aplicativo, clicando sobre ela voc\u00ea ter\u00e1 acesso ao seu canal de gerenciamento.<\/span><\/p>\n<p><span style=\"font-weight: 400;\">Atrav\u00e9s do app voc\u00ea ter\u00e1 acesso a informa\u00e7\u00f5es do tipo<\/span><\/p>\n<ul>\n<li style=\"font-weight: 400;\" aria-level=\"1\"><span style=\"font-weight: 400;\">Total de pessoas que curtiram a p\u00e1gina;<\/span><\/li>\n<li style=\"font-weight: 400;\" aria-level=\"1\"><span style=\"font-weight: 400;\">Quantidade de pessoas falando sobre sua p\u00e1gina;<\/span><\/li>\n<li style=\"font-weight: 400;\" aria-level=\"1\"><span style=\"font-weight: 400;\">Estat\u00edsticas sempre atualizadas;<\/span><\/li>\n<li style=\"font-weight: 400;\" aria-level=\"1\"><span style=\"font-weight: 400;\">Gerenciamento amplo.<\/span><\/li>\n<\/ul>\n<p><span style=\"font-weight: 400;\">\u00a0Al\u00e9m de poder segmentar os usu\u00e1rios por <\/span><b>sexo, cidade, pa\u00eds, l\u00edngua, entre outros<\/b><span style=\"font-weight: 400;\">.<\/span><\/p>\n<p>&nbsp;<\/p>\n<figure id=\"attachment_46922\" aria-describedby=\"caption-attachment-46922\" style=\"width: 860px\" class=\"wp-caption alignnone\"><a href=\"http:\/\/bit.ly\/2MsCwSB\" rel=\"nofollow noopener\" target=\"_blank\"><img loading=\"lazy\" decoding=\"async\" class=\"size-full wp-image-46922\" src=\"https:\/\/www.iset.com.br\/blog\/wp-content\/uploads\/2016\/12\/plataforma-mobile-importancia.png\" alt=\"\" width=\"860\" height=\"260\" srcset=\"https:\/\/www.iset.com.br\/blog\/wp-content\/uploads\/2016\/12\/plataforma-mobile-importancia.png 860w, https:\/\/www.iset.com.br\/blog\/wp-content\/uploads\/2016\/12\/plataforma-mobile-importancia-300x91.png 300w, https:\/\/www.iset.com.br\/blog\/wp-content\/uploads\/2016\/12\/plataforma-mobile-importancia-768x232.png 768w, https:\/\/www.iset.com.br\/blog\/wp-content\/uploads\/2016\/12\/plataforma-mobile-importancia-600x181.png 600w, https:\/\/www.iset.com.br\/blog\/wp-content\/uploads\/2016\/12\/plataforma-mobile-importancia-24x7.png 24w, https:\/\/www.iset.com.br\/blog\/wp-content\/uploads\/2016\/12\/plataforma-mobile-importancia-36x11.png 36w, https:\/\/www.iset.com.br\/blog\/wp-content\/uploads\/2016\/12\/plataforma-mobile-importancia-48x15.png 48w\" sizes=\"(max-width: 860px) 100vw, 860px\" \/><\/a><figcaption id=\"caption-attachment-46922\" class=\"wp-caption-text\">Saiba como funciona esse tipo de sistema e como ele pode ser \u00fatil ao seu neg\u00f3cio.<\/figcaption><\/figure>\n<p>&nbsp;<\/p>\n<p><span style=\"font-weight: 400;\">Neste artigo, n\u00f3s apresentamos informa\u00e7\u00f5es valiosas sobre a plataforma do Facebook e seu gerenciador de neg\u00f3cios para tirar todas as d\u00favidas que poderia surgir.<\/span><\/p>\n<p><span style=\"font-weight: 400;\">Agora resta \u00e0 voc\u00ea absorver todo esse conhecimento e aplicar no seu neg\u00f3cio para garantir o melhor resultado poss\u00edvel!<\/span><\/p>\n<p><span style=\"font-weight: 400;\">Gostou do post ou ainda tem d\u00favidas sobre o Facebook Business? Deixe seu coment\u00e1rio que respondemos!<\/span><\/p>\n<p><span style=\"font-weight: 400;\">Leia tamb\u00e9m:<\/span><\/p>\n<ul>\n<li style=\"font-weight: 400;\" aria-level=\"1\"><a href=\"https:\/\/bit.ly\/3ANCjki\" rel=\"nofollow noopener\" target=\"_blank\"><span style=\"font-weight: 400;\">An\u00e1lise SWOT Pessoal: o que \u00e9 e como fazer?<\/span><\/a><\/li>\n<li style=\"font-weight: 400;\" aria-level=\"1\"><a href=\"https:\/\/bit.ly\/3t6htdq\" rel=\"nofollow noopener\" target=\"_blank\"><span style=\"font-weight: 400;\">O que \u00e9 a Jornada de 100 dias para a Black Friday?<\/span><\/a><\/li>\n<li style=\"font-weight: 400;\" aria-level=\"1\"><span style=\"font-size: 16px;\"><a href=\"https:\/\/bit.ly\/3yglxZv\" rel=\"nofollow noopener\" target=\"_blank\"><span style=\"font-weight: 400;\">Vale a pena vender na Shopee? Saiba como integrar sua loja virtual!<\/span><\/a><\/span><\/li>\n<\/ul>\n<p>N\u00e3o se esque\u00e7a de inscrever em nosso blog. Toda semana temos v\u00e1rios posts com muitas dicas e novidades para fazer o seu neg\u00f3cio ir a mil! Siga a gente em nossas redes sociais tamb\u00e9m:\u00a0<a href=\"https:\/\/twitter.com\/isetbr\" target=\"_blank\" rel=\"noopener noreferrer nofollow\" data-saferedirecturl=\"https:\/\/www.google.com\/url?q=https:\/\/twitter.com\/isetbr&amp;source=gmail&amp;ust=1629834068639000&amp;usg=AFQjCNEe_yqvqD3JXjxWpC6VgDDt7SrfYw\"><b>Twitter<\/b><\/a><b>,\u00a0<\/b><a href=\"https:\/\/www.facebook.com\/isetbr\" target=\"_blank\" rel=\"noopener noreferrer nofollow\" data-saferedirecturl=\"https:\/\/www.google.com\/url?q=https:\/\/www.facebook.com\/isetbr&amp;source=gmail&amp;ust=1629834068639000&amp;usg=AFQjCNHLD6QX6wVJyyHjdsxdbcYifTTJCw\"><b>Facebook<\/b><\/a><b>,\u00a0<\/b><b><a href=\"https:\/\/www.instagram.com\/isetbr\" target=\"_blank\" rel=\"noopener noreferrer nofollow\" data-saferedirecturl=\"https:\/\/www.google.com\/url?q=https:\/\/www.instagram.com\/isetbr&amp;source=gmail&amp;ust=1629834068639000&amp;usg=AFQjCNE_nGzwpwOCMx3xG31s52sdnMnBzg\"><wbr \/>Instagram<\/a>,\u00a0<a title=\"https:\/\/www.linkedin.com\/company\/isetbr\/\" href=\"https:\/\/www.linkedin.com\/company\/isetbr\/\" target=\"_blank\" rel=\"noopener noreferrer nofollow\" data-saferedirecturl=\"https:\/\/www.google.com\/url?q=https:\/\/www.linkedin.com\/company\/isetbr\/&amp;source=gmail&amp;ust=1629834068639000&amp;usg=AFQjCNE-brmOAbM_-OjoRf_B0JherI9RKA\">LinkedIn<\/a>\u00a0<\/b>e\u00a0<a href=\"https:\/\/www.youtube.com.br\/isetbrasil\" target=\"_blank\" rel=\"noopener noreferrer nofollow\" data-saferedirecturl=\"https:\/\/www.google.com\/url?q=https:\/\/www.youtube.com.br\/isetbrasil&amp;source=gmail&amp;ust=1629834068639000&amp;usg=AFQjCNE1TYvdeAzon_s_lA9SFVLcsA8SJA\"><b>YouTube<\/b><\/a><b>.<\/b><\/p>\n<p>&nbsp;<\/p>\n<h3 class=\"style-scope ytd-watch-metadata\">Facebook E-commerce: Insights para Black Friday 2021<\/h3>\n<p><iframe title=\"YouTube video player\" src=\"https:\/\/www.youtube.com\/embed\/rsE6_hCgj5k\" width=\"560\" height=\"315\" frameborder=\"0\" allowfullscreen=\"allowfullscreen\"><\/iframe><\/p>\n","protected":false},"excerpt":{"rendered":"<p>Como a grande maioria das redes sociais, o Facebook foi criado com o intuito de reunir pessoas, mas essa rede social escalou de tal forma a ponto de alcan\u00e7ar n\u00fameros extraordin\u00e1rios.\u00a0 Segundo dados relatados pela NapoleonCat em janeiro de 2021, s\u00f3 no Brasil havia 150 milh\u00f5es de usu\u00e1rios do Facebook, esse n\u00famero representava 69,3% da [&hellip;]<\/p>\n","protected":false},"author":27,"featured_media":51913,"comment_status":"closed","ping_status":"open","sticky":false,"template":"","format":"standard","meta":{"footnotes":""},"categories":[8,443],"tags":[39,19,420,728,1834,1836,73,1835,1837,1833],"class_list":["post-51894","post","type-post","status-publish","format-standard","has-post-thumbnail","hentry","category-dicas-de-ecommerce","category-redes-sociais","tag-e-commerce","tag-ecommerce","tag-facebook","tag-facebook-business","tag-facebook-business-suite","tag-facebook-manager","tag-ferramentas","tag-gerenciador-de-negocios","tag-informacoes-da-empresa","tag-usuarios-do-facebook"],"_links":{"self":[{"href":"https:\/\/www.iset.com.br\/blog\/wp-json\/wp\/v2\/posts\/51894","targetHints":{"allow":["GET"]}}],"collection":[{"href":"https:\/\/www.iset.com.br\/blog\/wp-json\/wp\/v2\/posts"}],"about":[{"href":"https:\/\/www.iset.com.br\/blog\/wp-json\/wp\/v2\/types\/post"}],"author":[{"embeddable":true,"href":"https:\/\/www.iset.com.br\/blog\/wp-json\/wp\/v2\/users\/27"}],"replies":[{"embeddable":true,"href":"https:\/\/www.iset.com.br\/blog\/wp-json\/wp\/v2\/comments?post=51894"}],"version-history":[{"count":12,"href":"https:\/\/www.iset.com.br\/blog\/wp-json\/wp\/v2\/posts\/51894\/revisions"}],"predecessor-version":[{"id":51967,"href":"https:\/\/www.iset.com.br\/blog\/wp-json\/wp\/v2\/posts\/51894\/revisions\/51967"}],"wp:featuredmedia":[{"embeddable":true,"href":"https:\/\/www.iset.com.br\/blog\/wp-json\/wp\/v2\/media\/51913"}],"wp:attachment":[{"href":"https:\/\/www.iset.com.br\/blog\/wp-json\/wp\/v2\/media?parent=51894"}],"wp:term":[{"taxonomy":"category","embeddable":true,"href":"https:\/\/www.iset.com.br\/blog\/wp-json\/wp\/v2\/categories?post=51894"},{"taxonomy":"post_tag","embeddable":true,"href":"https:\/\/www.iset.com.br\/blog\/wp-json\/wp\/v2\/tags?post=51894"}],"curies":[{"name":"wp","href":"https:\/\/api.w.org\/{rel}","templated":true}]}}