{"id":51776,"date":"2021-08-20T12:19:18","date_gmt":"2021-08-20T15:19:18","guid":{"rendered":"https:\/\/www.iset.com.br\/blog\/?p=51776"},"modified":"2021-09-02T15:46:56","modified_gmt":"2021-09-02T18:46:56","slug":"o-que-esperar-para-a-black-friday","status":"publish","type":"post","link":"https:\/\/www.iset.com.br\/blog\/o-que-esperar-para-a-black-friday\/","title":{"rendered":"O que esperar para a Black Friday 2021?"},"content":{"rendered":"<h3><span style=\"font-weight: 400;\">A Black Friday \u00e9 uma das datas mais importantes do ano para o com\u00e9rcio, seja f\u00edsico ou online, esse evento teve origem no varejo norte-americano e foi importado para v\u00e1rios outros pa\u00edses.<\/span><\/h3>\n<p><span style=\"font-weight: 400;\">Dia <\/span><b>26 de novembro<\/b><span style=\"font-weight: 400;\">, data que ficou muito conhecida no mundo inteiro gra\u00e7as aos grandes descontos ofertados pelas lojas no com\u00e9rcio, tanto f\u00edsico quanto virtual. A Black Friday virou uma tradi\u00e7\u00e3o aqui no Brasil e muitos comerciantes do varejo j\u00e1 come\u00e7am a se preparar com anteced\u00eancia para essa data t\u00e3o especial.<\/span><\/p>\n<p><span style=\"font-weight: 400;\">Uma grande diferen\u00e7a do evento aqui no nosso pa\u00eds, \u00e9 a <\/span><b>amplia\u00e7\u00e3o da data<\/b><span style=\"font-weight: 400;\">, o per\u00edodo em que as ofertas s\u00e3o disponibilizadas \u00e9 estendido, dependendo da estrat\u00e9gia do lojista as ofertas acontecem por todo m\u00eas de novembro.<\/span><\/p>\n<p><span style=\"font-weight: 400;\">A Black Friday de 2021 promete ser uma <\/span><b>das maiores de todos os tempos<\/b><span style=\"font-weight: 400;\">, continue lendo para descobrir o que esperar para a Black Friday desse ano.<\/span><\/p>\n<p>&nbsp;<\/p>\n<h2><span style=\"font-weight: 400;\">Origem da Black Friday<\/span><\/h2>\n<p><span style=\"font-weight: 400;\">A Black Friday teve origem nos Estados Unidos, culturalmente celebrada no <\/span><b>dia seguinte ao dia de a\u00e7\u00e3o de gra\u00e7as<\/b><span style=\"font-weight: 400;\">, a data \u00e9 conhecida por iniciar a temporada de compras natalinas.\u00a0<\/span><\/p>\n<p><span style=\"font-weight: 400;\">O evento se tornou muito famoso gra\u00e7as aos descontos que s\u00e3o oferecidos durante ele, muitas pessoas utilizam a data para <\/span><b>antecipar suas compras de natal, j\u00e1 que os descontos s\u00e3o mais atrativos nesta \u00e9poca.<\/b><\/p>\n<p><span style=\"font-weight: 400;\">O evento chegou a um n\u00edvel t\u00e3o grande de import\u00e2ncia, que mesmo n\u00e3o sendo um feriado muitas pessoas recebem folga nesse dia, se tornando clientes em potencial.\u00a0<\/span><\/p>\n<p><span style=\"font-weight: 400;\">A Black Friday se tornou uma das datas mais importantes para o setor varejista, pois ela representa excelentes oportunidades de compra para os clientes e um enorme n\u00famero de vendas para os comerciantes.<\/span><\/p>\n<p><span style=\"font-weight: 400;\">Em 2019 o faturamento do evento foi de <\/span><b>3,2 bilh\u00f5es de reais<\/b><span style=\"font-weight: 400;\">, representando <\/span><b>20 vezes<\/b><span style=\"font-weight: 400;\"> mais vendas do que o resto do ano todo.<\/span><\/p>\n<p><span style=\"font-weight: 400;\">No Brasil a <\/span><b>primeira edi\u00e7\u00e3o do evento aconteceu no ano de 2010<\/b><span style=\"font-weight: 400;\"> acompanhando o modelo norte americano, por\u00e9m focado em produtos vendidos online. Ap\u00f3s o sucesso do evento e a aceita\u00e7\u00e3o do p\u00fablico, os lojistas passaram a aplicar as promo\u00e7\u00f5es em lojas f\u00edsicas tamb\u00e9m.<\/span><\/p>\n<p>&nbsp;<\/p>\n<h2><span style=\"font-weight: 400;\">E-commerce na Black Friday<\/span><\/h2>\n<p><span style=\"font-weight: 400;\">O <\/span><a href=\"https:\/\/bit.ly\/37UoiVy\" rel=\"nofollow noopener\" target=\"_blank\"><span style=\"font-weight: 400;\">e-commerce vem tendo um enorme crescimento<\/span><\/a><span style=\"font-weight: 400;\"> nos \u00faltimos anos e na Black Friday n\u00e3o foi diferente, as lojas virtuais aproveitaram para atrair clientes com promo\u00e7\u00f5es e descontos<\/span><\/p>\n<p><span style=\"font-weight: 400;\">diferenciados, o mercado online foi respons\u00e1vel por muitas vendas feitas durante o evento em 2020.<\/span><\/p>\n<p><span style=\"font-weight: 400;\">Os dados de 2020 mostram o qu\u00e3o importante \u00e9 a Black Friday <\/span><b>para o e-commerce<\/b><span style=\"font-weight: 400;\">.\u00a0<\/span><\/p>\n<p><span style=\"font-weight: 400;\">De acordo com o Webshoppers 43\u00ba da consultoria Ebit|Nielsen, o lucro entre os dias 26 e 27 do m\u00eas de novembro de 2020 foi de <\/span><b>4 bilh\u00f5es de reais<\/b><span style=\"font-weight: 400;\">, esse valor representa <\/span><b>25%<\/b><span style=\"font-weight: 400;\"> a mais do que o registrado em 2019.<\/span><\/p>\n<p><span style=\"font-weight: 400;\">O valor do ticket m\u00e9dio tamb\u00e9m aumentou em<\/span><b> 8% <\/b><span style=\"font-weight: 400;\">no ano de 2020.<\/span><\/p>\n<p><span style=\"font-weight: 400;\">Devido a pandemia do novo covid-19, muitos vendedores precisaram adaptar seu modelo de neg\u00f3cio de acordo com as restri\u00e7\u00f5es de circula\u00e7\u00e3o impostas pelo governo, a partir disso <\/span><b>muitos lojistas viram as vantagens de vender online<\/b><span style=\"font-weight: 400;\">, ampliando e integrando seu modelo de neg\u00f3cio ao e-commerce.<\/span><\/p>\n<p>&nbsp;<\/p>\n<p><img fetchpriority=\"high\" decoding=\"async\" class=\"size-full wp-image-51777 aligncenter\" src=\"https:\/\/www.iset.com.br\/blog\/wp-content\/uploads\/2021\/08\/print-pedidos-ticket-medio.jpg\" alt=\"2021-pedidos-ticket-medio\" width=\"890\" height=\"495\" srcset=\"https:\/\/www.iset.com.br\/blog\/wp-content\/uploads\/2021\/08\/print-pedidos-ticket-medio.jpg 890w, https:\/\/www.iset.com.br\/blog\/wp-content\/uploads\/2021\/08\/print-pedidos-ticket-medio-300x167.jpg 300w, https:\/\/www.iset.com.br\/blog\/wp-content\/uploads\/2021\/08\/print-pedidos-ticket-medio-768x427.jpg 768w\" sizes=\"(max-width: 890px) 100vw, 890px\" \/><\/p>\n<p>&nbsp;<\/p>\n<h2><span style=\"font-weight: 400;\">Tend\u00eancia para Black Friday<\/span><\/h2>\n<p><span style=\"font-weight: 400;\">Um grande diferencial para esse ano de 2021 est\u00e1 ligado ao poder de pesquisa do consumidor, ele est\u00e1 cada vez mais integrado e buscando comparar os pre\u00e7os das ofertas.\u00a0<\/span><\/p>\n<p><span style=\"font-weight: 400;\">Os <\/span><a href=\"https:\/\/bit.ly\/3sAhcyX\" rel=\"nofollow noopener\" target=\"_blank\"><b>comparadores de pre\u00e7o<\/b><\/a><b> t\u00eam um papel fundamental<\/b><span style=\"font-weight: 400;\"> para trazer todas as informa\u00e7\u00f5es que o comprador precisa.<\/span><\/p>\n<p><span style=\"font-weight: 400;\">Mesmo as pessoas que escolhem comprar no varejo f\u00edsico, utilizam os recursos disponibilizados pelos comparadores, com o intuito de descobrir as melhores ofertas e economizar na hora da compra.\u00a0\u00a0\u00a0\u00a0\u00a0\u00a0\u00a0\u00a0<\/span><\/p>\n<p><b>No ano de 2020 aconteceu a Black Friday mais digital da hist\u00f3ria e \u00e9 esperado que o com\u00e9rcio eletr\u00f4nico se destaque ainda mais em 2021<\/b><span style=\"font-weight: 400;\">.\u00a0<\/span><\/p>\n<p>&nbsp;<\/p>\n<h2><span style=\"font-weight: 400;\">Evitando fraudes<\/span><\/h2>\n<p><span style=\"font-weight: 400;\">\u00c9 importante lembrar que os consumidores est\u00e3o <\/span><b>cada vez mais conscientes e atentos com as fraudes que surgem nessa \u00e9poca<\/b><span style=\"font-weight: 400;\">.\u00a0<\/span><\/p>\n<p><span style=\"font-weight: 400;\">Os comerciantes precisam tomar cuidado para n\u00e3o quebrar a expectativa do cliente, principalmente nos dias atuais onde \u00e9 super simples tirar um print da tela e divulgar a marca como uma fraude, essa atitude tem grandes chances de atrapalhar a <\/span><a href=\"https:\/\/bit.ly\/2Uon4yD\" rel=\"nofollow noopener\" target=\"_blank\"><span style=\"font-weight: 400;\">credibilidade<\/span><\/a><span style=\"font-weight: 400;\"> da loja perante o mercado.\u00a0<\/span><\/p>\n<p><span style=\"font-weight: 400;\">Por isso \u00e9 essencial que os lojistas <\/span><b>ofere\u00e7am descontos reais<\/b><span style=\"font-weight: 400;\">.<\/span><\/p>\n<p>&nbsp;<\/p>\n<figure id=\"attachment_45821\" aria-describedby=\"caption-attachment-45821\" style=\"width: 860px\" class=\"wp-caption alignnone\"><a href=\"https:\/\/bit.ly\/3dSHiXI\" rel=\"nofollow noopener\" target=\"_blank\"><img decoding=\"async\" class=\"size-full wp-image-45821\" src=\"https:\/\/www.iset.com.br\/blog\/wp-content\/uploads\/2015\/01\/credibilidade4.jpg\" alt=\"\" width=\"860\" height=\"260\" srcset=\"https:\/\/www.iset.com.br\/blog\/wp-content\/uploads\/2015\/01\/credibilidade4.jpg 860w, https:\/\/www.iset.com.br\/blog\/wp-content\/uploads\/2015\/01\/credibilidade4-300x91.jpg 300w, https:\/\/www.iset.com.br\/blog\/wp-content\/uploads\/2015\/01\/credibilidade4-768x232.jpg 768w, https:\/\/www.iset.com.br\/blog\/wp-content\/uploads\/2015\/01\/credibilidade4-600x181.png 600w, https:\/\/www.iset.com.br\/blog\/wp-content\/uploads\/2015\/01\/credibilidade4-24x7.png 24w, https:\/\/www.iset.com.br\/blog\/wp-content\/uploads\/2015\/01\/credibilidade4-36x11-1.jpg 36w, https:\/\/www.iset.com.br\/blog\/wp-content\/uploads\/2015\/01\/credibilidade4-48x15-1.jpg 48w\" sizes=\"(max-width: 860px) 100vw, 860px\" \/><\/a><figcaption id=\"caption-attachment-45821\" class=\"wp-caption-text\">Clique aqui e leia nosso post com 5 dicas para voc\u00ea melhorar a credibilidade da sua loja virtual<\/figcaption><\/figure>\n<p>&nbsp;<\/p>\n<h2><span style=\"font-weight: 400;\">Aquecimento para o evento<\/span><\/h2>\n<p><span style=\"font-weight: 400;\">\u00c9 muito raro a Black Friday durar apenas um dia. As promo\u00e7\u00f5es podem continuar por todo fim de semana, ou at\u00e9 mesmo come\u00e7ar com algumas semanas de anteced\u00eancia.<\/span><\/p>\n<p><span style=\"font-weight: 400;\">Muitas marcas utilizam o m\u00eas de novembro inteiro para realizar suas campanhas, essa estrat\u00e9gia deve continuar sendo usada, <\/span><b>visto que ela \u00e9 capaz de manter o varejo movimentado por mais tempo durante este m\u00eas.\u00a0<\/b><\/p>\n<p>&nbsp;<\/p>\n<h2><span style=\"font-weight: 400;\">Atendimento em primeiro lugar<\/span><\/h2>\n<p><span style=\"font-weight: 400;\">Al\u00e9m de boas ofertas, os consumidores <\/span><b>tamb\u00e9m querem ser bem atendidos<\/b><span style=\"font-weight: 400;\">. Com toda correria durante o evento muitos sites ficam lentos, ou at\u00e9 mesmo saem do ar.<\/span><\/p>\n<p><span style=\"font-weight: 400;\">\u00c9 nesse momento que as organiza\u00e7\u00f5es precisam estar de prontid\u00e3o para garantir o <\/span><a href=\"https:\/\/bit.ly\/3z1ALm5\" rel=\"nofollow noopener\" target=\"_blank\"><span style=\"font-weight: 400;\">melhor atendimento<\/span><\/a><span style=\"font-weight: 400;\"> poss\u00edvel, sempre buscando responder quaisquer d\u00favidas que vierem a surgir e manter o site funcionando.\u00a0<\/span><\/p>\n<p><span style=\"font-weight: 400;\">Nesse per\u00edodo, \u00e9 extremamente importante que a plataforma consiga suportar todos os acessos recebidos, pois <\/span><b>uma loja fora do ar por algumas horas pode fazer com que a marca deixe de arrecadar muito dinheiro.<\/b><\/p>\n<p>&nbsp;<\/p>\n<figure id=\"attachment_48356\" aria-describedby=\"caption-attachment-48356\" style=\"width: 860px\" class=\"wp-caption alignnone\"><a href=\"http:\/\/bit.ly\/2Ivf6us\" rel=\"nofollow noopener\" target=\"_blank\"><img decoding=\"async\" class=\"size-full wp-image-48356\" src=\"https:\/\/www.iset.com.br\/blog\/wp-content\/uploads\/2019\/10\/cta-qualidade-atendimento-ao-cliente.jpg\" alt=\"\" width=\"860\" height=\"260\" srcset=\"https:\/\/www.iset.com.br\/blog\/wp-content\/uploads\/2019\/10\/cta-qualidade-atendimento-ao-cliente.jpg 860w, https:\/\/www.iset.com.br\/blog\/wp-content\/uploads\/2019\/10\/cta-qualidade-atendimento-ao-cliente-300x91.jpg 300w, https:\/\/www.iset.com.br\/blog\/wp-content\/uploads\/2019\/10\/cta-qualidade-atendimento-ao-cliente-768x232.jpg 768w, https:\/\/www.iset.com.br\/blog\/wp-content\/uploads\/2019\/10\/cta-qualidade-atendimento-ao-cliente-600x181.png 600w, https:\/\/www.iset.com.br\/blog\/wp-content\/uploads\/2019\/10\/cta-qualidade-atendimento-ao-cliente-24x7.png 24w, https:\/\/www.iset.com.br\/blog\/wp-content\/uploads\/2019\/10\/cta-qualidade-atendimento-ao-cliente-36x11.png 36w, https:\/\/www.iset.com.br\/blog\/wp-content\/uploads\/2019\/10\/cta-qualidade-atendimento-ao-cliente-48x15.png 48w\" sizes=\"(max-width: 860px) 100vw, 860px\" \/><\/a><figcaption id=\"caption-attachment-48356\" class=\"wp-caption-text\">Se voc\u00ea chegou a conclus\u00e3o de que existe algo errado com a qualidade no atendimento ao cliente da sua empresa, essas 5 dicas certamente ir\u00e3o te ajudar bastante!<\/figcaption><\/figure>\n<p>&nbsp;<\/p>\n<h2><span style=\"font-weight: 400;\">Entrega<\/span><\/h2>\n<p><span style=\"font-weight: 400;\">Atualmente a velocidade e o pre\u00e7o da entrega se tornaram <\/span><b>fatores decisivos para o consumidor escolher em qual loja ele vai comprar.<\/b><span style=\"font-weight: 400;\">\u00a0<\/span><\/p>\n<p><span style=\"font-weight: 400;\">De acordo com a <\/span><a href=\"https:\/\/moosend.com\/blog\/cart-abandonment-rate-infographic\/\" rel=\"nofollow noopener\" target=\"_blank\"><span style=\"font-weight: 400;\">Moonsend<\/span><\/a><span style=\"font-weight: 400;\">, <\/span><b>60%<\/b><span style=\"font-weight: 400;\"> dos <\/span><a href=\"https:\/\/bit.ly\/3xZBhjl\" rel=\"nofollow noopener\" target=\"_blank\"><span style=\"font-weight: 400;\">carrinhos abandonados<\/span><\/a><span style=\"font-weight: 400;\"> t\u00eam forte influ\u00eancia das condi\u00e7\u00f5es de envio oferecidas pela loja.\u00a0<\/span><\/p>\n<p><span style=\"font-weight: 400;\">Levando em considera\u00e7\u00e3o que a forma de consumo mudou, os compradores atuais fazem uma compara\u00e7\u00e3o entre o pre\u00e7o do produto e o pre\u00e7o do frete, dessa forma \u00e9 muito importante que as <\/span><b>lojas virtuais ofere\u00e7am um maior n\u00famero de op\u00e7\u00f5es de envio<\/b><span style=\"font-weight: 400;\">, para conseguir atender todas as necessidades de quem compra.<\/span><\/p>\n<p><span style=\"font-weight: 400;\">\u00c9 claro que existe a necessidade de oferecer um pre\u00e7o de envio competitivo, por\u00e9m tamb\u00e9m \u00e9 necess\u00e1rio pensar al\u00e9m desse fator e trazer op\u00e7\u00f5es com prazos menores, ou agendados.\u00a0<\/span><\/p>\n<p><b>Al\u00e9m da economia, alguns clientes priorizam a urg\u00eancia da entrega.<\/b><span style=\"font-weight: 400;\">\u00a0<\/span><\/p>\n<p><span style=\"font-weight: 400;\">Neste artigo n\u00f3s acompanhamos sobre o que \u00e9 esperado para o evento de Black Friday desse ano, e vimos algumas tend\u00eancias e alguns pontos que s\u00e3o essenciais para que as empresas consigam aproveitar ao m\u00e1ximo essa oportunidade, para aumentar seus lucros e crescer a credibilidade da sua marca.<\/span><\/p>\n<p>Leia tamb\u00e9m:<\/p>\n<ul>\n<li><a href=\"https:\/\/bit.ly\/380gGRC\" rel=\"nofollow noopener\" target=\"_blank\">10 transportadoras que podem impulsionar seu negocio;<\/a><\/li>\n<li><a href=\"https:\/\/bit.ly\/3CRiY3x\" rel=\"nofollow noopener\" target=\"_blank\">An\u00e1lise SWOT Pessoal: o que \u00e9 e como fazer;<\/a><\/li>\n<li><a href=\"https:\/\/bit.ly\/3gbwhSG\" rel=\"nofollow noopener\" target=\"_blank\">\u00c9 poss\u00edvel criar uma loja virtual gr\u00e1tis ?<\/a><\/li>\n<\/ul>\n<div dir=\"ltr\"><\/div>\n<div dir=\"ltr\">N\u00e3o se esque\u00e7a de inscrever em nosso blog. Toda semana temos v\u00e1rios posts com muitas dicas e novidades para fazer o seu neg\u00f3cio ir a mil! Siga a gente em nossas redes sociais\u00a0 tamb\u00e9m:\u00a0\u00a0<a href=\"https:\/\/twitter.com\/isetbr\" target=\"_blank\" rel=\"noopener noreferrer nofollow\" data-saferedirecturl=\"https:\/\/www.google.com\/url?q=https:\/\/twitter.com\/isetbr&amp;source=gmail&amp;ust=1629558269812000&amp;usg=AFQjCNF1NTFyZZ180i2TP4aH8u8cAvjnzQ\"><b>Twitter<\/b><\/a><b>,\u00a0\u00a0<\/b><a href=\"https:\/\/www.facebook.com\/isetbr\" target=\"_blank\" rel=\"noopener noreferrer nofollow\" data-saferedirecturl=\"https:\/\/www.google.com\/url?q=https:\/\/www.facebook.com\/isetbr&amp;source=gmail&amp;ust=1629558269812000&amp;usg=AFQjCNEMkhxHein1judXhFtlF59SIpniAA\"><b>Facebook<\/b><\/a><b>,\u00a0\u00a0<\/b><b><a href=\"https:\/\/www.instagram.com\/isetbr\" target=\"_blank\" rel=\"noopener noreferrer nofollow\" data-saferedirecturl=\"https:\/\/www.google.com\/url?q=https:\/\/www.instagram.com\/isetbr&amp;source=gmail&amp;ust=1629558269812000&amp;usg=AFQjCNFku6227D1pkf_sV10JOaYy5o067g\"><wbr \/>Instagram<\/a>,\u00a0<a title=\"https:\/\/www.linkedin.com\/company\/isetbr\/\" href=\"https:\/\/www.linkedin.com\/company\/isetbr\/\" target=\"_blank\" rel=\"noopener noreferrer nofollow\" data-saferedirecturl=\"https:\/\/www.google.com\/url?q=https:\/\/www.linkedin.com\/company\/isetbr\/&amp;source=gmail&amp;ust=1629558269812000&amp;usg=AFQjCNGe-87JIxKFLfp37fXS25aurkVwfw\">LinkedIn<\/a>\u00a0<\/b>e\u00a0<a href=\"https:\/\/www.youtube.com.br\/isetbrasil\" target=\"_blank\" rel=\"noopener noreferrer nofollow\" data-saferedirecturl=\"https:\/\/www.google.com\/url?q=https:\/\/www.youtube.com.br\/isetbrasil&amp;source=gmail&amp;ust=1629558269812000&amp;usg=AFQjCNFpZp9gDsX-zGnXZCFBXTlGO7KroA\"><b>YouTube<\/b><\/a><b>.<\/b><\/div>\n<div dir=\"ltr\"><\/div>\n<p>&nbsp;<\/p>\n<h3 dir=\"ltr\">Lan\u00e7amento Jornada Black Friday iSET 2021<\/h3>\n<div dir=\"ltr\"><iframe title=\"YouTube video player\" src=\"https:\/\/www.youtube.com\/embed\/3HBJCcHfWr0\" width=\"560\" height=\"315\" frameborder=\"0\" allowfullscreen=\"allowfullscreen\"><\/iframe><\/div>\n<div dir=\"ltr\">\n<div dir=\"ltr\"><\/div>\n<\/div>\n","protected":false},"excerpt":{"rendered":"<p>A Black Friday \u00e9 uma das datas mais importantes do ano para o com\u00e9rcio, seja f\u00edsico ou online, esse evento teve origem no varejo norte-americano e foi importado para v\u00e1rios outros pa\u00edses. Dia 26 de novembro, data que ficou muito conhecida no mundo inteiro gra\u00e7as aos grandes descontos ofertados pelas lojas no com\u00e9rcio, tanto f\u00edsico [&hellip;]<\/p>\n","protected":false},"author":27,"featured_media":51783,"comment_status":"closed","ping_status":"open","sticky":false,"template":"","format":"standard","meta":{"footnotes":""},"categories":[1006,8],"tags":[1806,1803,971,1805,39,19,1512,1804,44,143],"class_list":["post-51776","post","type-post","status-publish","format-standard","has-post-thumbnail","hentry","category-black-friday","category-dicas-de-ecommerce","tag-26-de-novembro","tag-black","tag-black-friday","tag-black-friday-2021","tag-e-commerce","tag-ecommerce","tag-evento","tag-friday","tag-promocoes","tag-varejo"],"_links":{"self":[{"href":"https:\/\/www.iset.com.br\/blog\/wp-json\/wp\/v2\/posts\/51776","targetHints":{"allow":["GET"]}}],"collection":[{"href":"https:\/\/www.iset.com.br\/blog\/wp-json\/wp\/v2\/posts"}],"about":[{"href":"https:\/\/www.iset.com.br\/blog\/wp-json\/wp\/v2\/types\/post"}],"author":[{"embeddable":true,"href":"https:\/\/www.iset.com.br\/blog\/wp-json\/wp\/v2\/users\/27"}],"replies":[{"embeddable":true,"href":"https:\/\/www.iset.com.br\/blog\/wp-json\/wp\/v2\/comments?post=51776"}],"version-history":[{"count":10,"href":"https:\/\/www.iset.com.br\/blog\/wp-json\/wp\/v2\/posts\/51776\/revisions"}],"predecessor-version":[{"id":52025,"href":"https:\/\/www.iset.com.br\/blog\/wp-json\/wp\/v2\/posts\/51776\/revisions\/52025"}],"wp:featuredmedia":[{"embeddable":true,"href":"https:\/\/www.iset.com.br\/blog\/wp-json\/wp\/v2\/media\/51783"}],"wp:attachment":[{"href":"https:\/\/www.iset.com.br\/blog\/wp-json\/wp\/v2\/media?parent=51776"}],"wp:term":[{"taxonomy":"category","embeddable":true,"href":"https:\/\/www.iset.com.br\/blog\/wp-json\/wp\/v2\/categories?post=51776"},{"taxonomy":"post_tag","embeddable":true,"href":"https:\/\/www.iset.com.br\/blog\/wp-json\/wp\/v2\/tags?post=51776"}],"curies":[{"name":"wp","href":"https:\/\/api.w.org\/{rel}","templated":true}]}}