{"id":49901,"date":"2020-09-08T15:46:41","date_gmt":"2020-09-08T18:46:41","guid":{"rendered":"https:\/\/www.iset.com.br\/blog\/?p=49901"},"modified":"2020-09-09T10:26:15","modified_gmt":"2020-09-09T13:26:15","slug":"expectativas-black-friday-2020","status":"publish","type":"post","link":"https:\/\/www.iset.com.br\/blog\/expectativas-black-friday-2020\/","title":{"rendered":"Quais s\u00e3o as expectativas para a Black Friday 2020?"},"content":{"rendered":"<p><span style=\"font-weight: 400;\">Pode-se dizer que o mundo est\u00e1 passando por uma &#8220;<\/span><b>Black Friday<\/b><span style=\"font-weight: 400;\">&#8221; desde o m\u00eas de abril. A ABComm registrou a <\/span><b>abertura de mais de uma loja por minuto, no in\u00edcio da pandemia. <\/b><span style=\"font-weight: 400;\">Semelhantemente, o<\/span><b> Mercado Livre contou com mais de 5 milh\u00f5es de novos compradores online na Am\u00e9rica Latina <\/b><span style=\"font-weight: 400;\">e registrou<\/span><b> alta de aproximadamente 80% nas vendas<\/b><span style=\"font-weight: 400;\"> em compara\u00e7\u00e3o ao mesmo per\u00edodo do ano passado.<\/span><\/p>\n<p>&nbsp;<\/p>\n<p><span style=\"font-weight: 400;\">Em 2019 a <\/span><a href=\"https:\/\/www.iset.com.br\/blog\/qual-influencia-calculo-frete-black-friday-loja\/?utm_source=blog&amp;utm_medium=post&amp;utm_campaign=link_qual_influencia_calculo_frete_black_friday_loja\"><b>Black Friday<\/b><\/a><span style=\"font-weight: 400;\"> foi um verdadeiro sucesso, bem acima do esperado. Isso \u00e9 o que diz os dados da Ebit Nielsen, com maior movimenta\u00e7\u00e3o de pedidos, o<\/span><b> varejo online brasileiro faturou R$ 3,2 bilh\u00f5es <\/b><span style=\"font-weight: 400;\">\u2014 considerando apenas a quinta e a sexta-feira.<\/span><\/p>\n<p>&nbsp;<\/p>\n<p><span style=\"font-weight: 400;\">Al\u00e9m disso, o n\u00famero \u00e9 <\/span><b>23,6% maior do que o registrado no mesmo per\u00edodo no ano anterior, <\/b><span style=\"font-weight: 400;\">2018. Isso mostra que a <\/span><a href=\"https:\/\/www.iset.com.br\/blog\/frete-loja-virtual-melhore-experiencia-cliente-black-friday\/?utm_source=blog&amp;utm_medium=post&amp;utm_campaign=link_frete_loja_virtual_melhore_experiencia_cliente_black_friday\"><b>Black Friday<\/b><\/a><span style=\"font-weight: 400;\"> vem crescendo muito ao decorrer dos anos e \u00e9 a cada ano mais esperada.<\/span><\/p>\n<p>&nbsp;<\/p>\n<p><span style=\"font-weight: 400;\">A <\/span><a href=\"https:\/\/www.iset.com.br\/blog\/top-5-erros-mais-comuns-que-voce-deve-evitar-na-black-friday\/?utm_source=blog&amp;utm_medium=post&amp;utm_campaign=link_top_erros_mais_comuns_evitar_black_friday\"><b>Black Friday<\/b><\/a><span style=\"font-weight: 400;\"> continua se mostrando como uma <\/span><b>grande oportunidade para varejistas expandirem suas vendas e conquistarem novos clientes<\/b><span style=\"font-weight: 400;\">. E as expectativas para este ano s\u00e3o alt\u00edssimas.<\/span><\/p>\n<p>&nbsp;<\/p>\n<p><span style=\"font-weight: 400;\">De acordo com o Compre &amp; Confie, s\u00f3 em abril deste ano, o<\/span><b> e-commerce registrou um faturamento de R$ 9,4 bilh\u00f5es.<\/b><span style=\"font-weight: 400;\"> Decerto o mercado n\u00e3o pode prever esse crescimento t\u00e3o expressivo para um per\u00edodo fora de grandes datas comemorativas.<\/span><\/p>\n<p>&nbsp;<\/p>\n<p><span style=\"font-weight: 400;\">Este \u00e9 o motivo da grande ansiedade do mercado para o que acontecer\u00e1 nessa<\/span> <a href=\"https:\/\/www.iset.com.br\/blog\/como-preparar-o-design-do-seu-e-commerce-para-a-black-friday\/?utm_source=blog&amp;utm_medium=post&amp;utm_campaign=link_como_preparar_design_ecommerce_black_friday\"><b>Black Friday<\/b><\/a><b>,<\/b><span style=\"font-weight: 400;\"> uma vez que as vendas ainda n\u00e3o desaceleraram desde o in\u00edcio da quarentena.<\/span><\/p>\n<p>&nbsp;<\/p>\n<p><span style=\"font-weight: 400;\">A <\/span><b>crise do coronav\u00edrus<\/b><span style=\"font-weight: 400;\"> trouxe muitas mudan\u00e7as no <\/span><b>contexto econ\u00f4mico global<\/b><span style=\"font-weight: 400;\"> e, por consequ\u00eancia, houve v\u00e1rios reflexos no comportamento do consumidor. Apesar disso, alguns setores acabaram vivenciando vantagens e a <\/span><b>transforma\u00e7\u00e3o digital foi impulsionada<\/b><span style=\"font-weight: 400;\">.<\/span><\/p>\n<p><span style=\"font-weight: 400;\">\u00a0<\/span><\/p>\n<p><span style=\"font-weight: 400;\">Assim, a<\/span><b> Black Friday de 2020 pode ser uma grande oportunidade para impulsionar as vendas no mundo virtual. <\/b><span style=\"font-weight: 400;\">Segundo o presidente da Sociedade Brasileira de Varejo e Consumo, Eduardo Terra, esta ser\u00e1 a <\/span><b>maior <\/b><a href=\"https:\/\/www.iset.com.br\/blog\/quais-formas-de-pagamento-oferecer-na-black-friday-da-sua-loja-virtual\/?utm_source=blog&amp;utm_medium=post&amp;utm_campaign=link_quais_formas_pagamento_oferecer_black_friday_loja_virtual\"><b>Black Friday<\/b><\/a><b> no pa\u00eds <\/b><span style=\"font-weight: 400;\">\u2014 se as empresas estiverem prontas para suprir a demanda, principalmente na parte tecnol\u00f3gica.<\/span><\/p>\n<p>&nbsp;<\/p>\n<p><span style=\"font-weight: 400;\">Contudo, Eduardo Terra alertou que ainda existem muitas incertezas, pois <\/span><b>n\u00e3o sabemos qual ser\u00e1 o cen\u00e1rio das lojas f\u00edsicas.\u00a0<\/b><\/p>\n<p>&nbsp;<\/p>\n<p><span data-sheets-value=\"{&quot;1&quot;:2,&quot;2&quot;:&quot;[rock-convert-cta id=\\&quot;49567\\&quot;]&quot;}\" data-sheets-userformat=\"{&quot;2&quot;:513,&quot;3&quot;:{&quot;1&quot;:0},&quot;12&quot;:0}\">[rock-convert-cta id=&#8221;49567&#8243;]<\/span><\/p>\n<p>&nbsp;<\/p>\n<p><span style=\"font-weight: 400;\">\u201cOlhando para o segundo semestre, n\u00e3o vejo com muito otimismo os resultados do varejo como um todo, mas acredito sim que a <\/span><a href=\"https:\/\/www.iset.com.br\/blog\/top-5-dicas-para-vender-muito-na-black-friday\/?utm_source=blog&amp;utm_medium=post&amp;utm_campaign=link_top_dicas_vender_black_friday\"><b>Black Friday<\/b><\/a><span style=\"font-weight: 400;\"> ser\u00e1 um sucesso ainda maior do que o do ano passado\u201c, destaca o presidente da SBVC.<\/span><\/p>\n<p>&nbsp;<\/p>\n<p><span style=\"font-weight: 400;\">Certeza que essa ser\u00e1 a maior <\/span><a href=\"https:\/\/www.iset.com.br\/blog\/como-organizar-sua-loja-virtual-no-dia-da-black-friday\/?utm_source=blog&amp;utm_medium=post&amp;utm_campaign=link_como_organizar_loja_virtual_dia_black_friday\"><b>Black Friday<\/b><\/a><span style=\"font-weight: 400;\"> da hist\u00f3ria do pa\u00eds, n\u00e3o temos como afirmar. Por\u00e9m, o contexto \u00e9 bastante otimista para quem <\/span><b>vende online<\/b><span style=\"font-weight: 400;\"> \u2014 e quem n\u00e3o vende, pois, ainda existe tempo para se planejar e participar.<\/span><\/p>\n<p>&nbsp;<\/p>\n<p><span style=\"font-weight: 400;\">E, de acordo com uma pesquisa realizada pela \u00e1rea de <\/span><b>Intelig\u00eancia de Mercado da Globo<\/b><span style=\"font-weight: 400;\">, para 2020, uma parcela de<\/span><b> 42% dos consumidores tem planos de comprar. <\/b><span style=\"font-weight: 400;\">Entre os que n\u00e3o sabem (35%) ou n\u00e3o pretendem comprar (23%), 8 em cada 10 mudariam de ideia se pudessem ajudar a manter empregos.<\/span><\/p>\n<p>&nbsp;<\/p>\n<p><span style=\"font-weight: 400;\">Tamb\u00e9m \u00e9 importante saber que as decis\u00f5es de compra ganharam novos elementos neste ano. Entre quem pretende consumir na data, 65% dizem que comprar algo ser\u00e1 uma forma de se presentear. <\/span><b>29% pretendem comprar apenas pela internet e 16%, apenas por lojas f\u00edsicas \u2013 em 2019, esta \u00faltima parcela era de 35%.<\/b><\/p>\n<p>&nbsp;<\/p>\n<p><span style=\"font-weight: 400;\">As categorias mais desejadas s\u00e3o:<\/span><\/p>\n<p>&nbsp;<\/p>\n<ul>\n<li style=\"font-weight: 400;\"><b>Roupas e acess\u00f3rios <\/b><span style=\"font-weight: 400;\">(31%);<\/span><\/li>\n<li style=\"font-weight: 400;\"><b>Smartphones<\/b><span style=\"font-weight: 400;\"> (30%);<\/span><\/li>\n<li style=\"font-weight: 400;\"><b>Eletr\u00f4nicos <\/b><span style=\"font-weight: 400;\">(30%);<\/span><\/li>\n<li style=\"font-weight: 400;\"><span style=\"font-weight: 400;\">Cal\u00e7ados (26%);<\/span><\/li>\n<li style=\"font-weight: 400;\"><span style=\"font-weight: 400;\">Eletrodom\u00e9sticos (23%);<\/span><\/li>\n<li style=\"font-weight: 400;\"><span style=\"font-weight: 400;\">Perfumes e cosm\u00e9ticos (21%);<\/span><\/li>\n<li style=\"font-weight: 400;\"><span style=\"font-weight: 400;\">M\u00f3veis (de 9% para 21%);<\/span><\/li>\n<li style=\"font-weight: 400;\"><span style=\"font-weight: 400;\">Computador (de 11% para 20%).<\/span><\/li>\n<\/ul>\n<p>&nbsp;<\/p>\n<p><span data-sheets-value=\"{&quot;1&quot;:2,&quot;2&quot;:&quot;[rock-convert-cta id=\\&quot;49571\\&quot;]&quot;}\" data-sheets-userformat=\"{&quot;2&quot;:513,&quot;3&quot;:{&quot;1&quot;:0},&quot;12&quot;:0}\">[rock-convert-cta id=&#8221;49571&#8243;]<\/span><\/p>\n<p>&nbsp;<\/p>\n<p><span style=\"font-weight: 400;\">Bom, acredito que voc\u00ea j\u00e1 tenha percebido como as<\/span><b> expectativas para a <\/b><a href=\"https:\/\/www.iset.com.br\/blog\/qual-o-dia-da-black-friday-e-qual-a-sua-importancia-no-e-commerce\/?utm_source=blog&amp;utm_medium=post&amp;utm_campaign=link_qual_dia_black_friday_importancia_ecommerce\"><b>Black Friday<\/b><\/a><b> 2020 est\u00e3o altas,<\/b><span style=\"font-weight: 400;\"> principalmente para quem vende online! Agora, \u00e9 hora de se planejar e estar pronto para quando a data chegar.<\/span><\/p>\n<p>&nbsp;<\/p>\n<p><span style=\"font-weight: 400;\">Este ano de 2020 com certeza ficar\u00e1 na hist\u00f3ria devido a todas as adapta\u00e7\u00f5es, principalmente digitais, em que o mundo inteiro precisou passar. Mas o seu neg\u00f3cio? Est\u00e1 preparado? Ainda tem d\u00favidas sobre como se preparar para a data?<\/span><b> Participe <\/b><a href=\"https:\/\/www.iset.com.br\/blackfriday\/\"><b>aqui <\/b><\/a><b>da Black Friday iSET 2020 para ficar por dentro de tudo sobre a maior Black Friday de todos os tempos!<\/b><\/p>\n<p>&nbsp;<\/p>\n<p><span style=\"font-weight: 400;\">Gostou do post ou ficou com alguma d\u00favida? Deixe um coment\u00e1rio!<\/span><\/p>\n<p>&nbsp;<\/p>\n<p>N\u00e3o se esque\u00e7a de inscrever em nosso blog. Toda semana temos v\u00e1rios posts com muitas dicas e novidades para fazer o seu neg\u00f3cio ir a mil! Siga a gente em nossas redes sociais\u00a0 tamb\u00e9m:\u00a0\u00a0<a href=\"https:\/\/twitter.com\/isetbr\" target=\"_blank\" rel=\"noopener noreferrer nofollow\" data-saferedirecturl=\"https:\/\/www.google.com\/url?q=https:\/\/twitter.com\/isetbr&amp;source=gmail&amp;ust=1599666481805000&amp;usg=AFQjCNHXG3c5J23i-h8W9aTsNqheDk3zqg\"><b>Twitter<\/b><\/a><b>,\u00a0\u00a0<\/b><a href=\"https:\/\/www.facebook.com\/isetbr\" target=\"_blank\" rel=\"noopener noreferrer nofollow\" data-saferedirecturl=\"https:\/\/www.google.com\/url?q=https:\/\/www.facebook.com\/isetbr&amp;source=gmail&amp;ust=1599666481805000&amp;usg=AFQjCNGD-F0aPejnNzTiaWj-g_MbjEJZeg\"><b>Facebook<\/b><\/a><b>,\u00a0\u00a0<\/b><b><a href=\"https:\/\/www.instagram.com\/isetbr\" target=\"_blank\" rel=\"noopener noreferrer nofollow\" data-saferedirecturl=\"https:\/\/www.google.com\/url?q=https:\/\/www.instagram.com\/isetbr&amp;source=gmail&amp;ust=1599666481805000&amp;usg=AFQjCNFN2f_9g80dVvdebVKfGdNWtdHJNA\"><wbr \/>Instagram<\/a>,\u00a0<a title=\"https:\/\/www.linkedin.com\/company\/isetbr\/\" href=\"https:\/\/www.linkedin.com\/company\/isetbr\/\" target=\"_blank\" rel=\"noopener noreferrer nofollow\" data-saferedirecturl=\"https:\/\/www.google.com\/url?q=https:\/\/www.linkedin.com\/company\/isetbr\/&amp;source=gmail&amp;ust=1599666481806000&amp;usg=AFQjCNFht4JgoXyEwNh4dvZlYL4DPSbWzA\">LinkedIn<\/a>\u00a0<\/b>e\u00a0<a href=\"https:\/\/www.youtube.com.br\/isetbrasil\" target=\"_blank\" rel=\"noopener noreferrer nofollow\" data-saferedirecturl=\"https:\/\/www.google.com\/url?q=https:\/\/www.youtube.com.br\/isetbrasil&amp;source=gmail&amp;ust=1599666481806000&amp;usg=AFQjCNHVnCYFsfJEaI4-o2_ZP28Aa605tQ\"><b>YouTube<\/b><\/a><b>.\u00a0\u00a0<\/b><\/p>\n<p>&nbsp;<\/p>\n<p><wbr \/><\/p>\n","protected":false},"excerpt":{"rendered":"<p>Pode-se dizer que o mundo est\u00e1 passando por uma &#8220;Black Friday&#8221; desde o m\u00eas de abril. A ABComm registrou a abertura de mais de uma loja por minuto, no in\u00edcio da pandemia. Semelhantemente, o Mercado Livre contou com mais de 5 milh\u00f5es de novos compradores online na Am\u00e9rica Latina e registrou alta de aproximadamente 80% [&hellip;]<\/p>\n","protected":false},"author":22,"featured_media":49910,"comment_status":"closed","ping_status":"open","sticky":false,"template":"post-templates\/cover.php","format":"standard","meta":{"footnotes":""},"categories":[1006,427,8],"tags":[1067,971,39,1401,21,414,36,1368],"class_list":["post-49901","post","type-post","status-publish","format-standard","has-post-thumbnail","hentry","category-black-friday","category-dicas-de-atendimento-online","category-dicas-de-ecommerce","tag-1067","tag-black-friday","tag-e-commerce","tag-expectativas","tag-loja-virtual","tag-vendas-online","tag-vender-online","tag-vender-pela-internet"],"_links":{"self":[{"href":"https:\/\/www.iset.com.br\/blog\/wp-json\/wp\/v2\/posts\/49901","targetHints":{"allow":["GET"]}}],"collection":[{"href":"https:\/\/www.iset.com.br\/blog\/wp-json\/wp\/v2\/posts"}],"about":[{"href":"https:\/\/www.iset.com.br\/blog\/wp-json\/wp\/v2\/types\/post"}],"author":[{"embeddable":true,"href":"https:\/\/www.iset.com.br\/blog\/wp-json\/wp\/v2\/users\/22"}],"replies":[{"embeddable":true,"href":"https:\/\/www.iset.com.br\/blog\/wp-json\/wp\/v2\/comments?post=49901"}],"version-history":[{"count":3,"href":"https:\/\/www.iset.com.br\/blog\/wp-json\/wp\/v2\/posts\/49901\/revisions"}],"predecessor-version":[{"id":49905,"href":"https:\/\/www.iset.com.br\/blog\/wp-json\/wp\/v2\/posts\/49901\/revisions\/49905"}],"wp:featuredmedia":[{"embeddable":true,"href":"https:\/\/www.iset.com.br\/blog\/wp-json\/wp\/v2\/media\/49910"}],"wp:attachment":[{"href":"https:\/\/www.iset.com.br\/blog\/wp-json\/wp\/v2\/media?parent=49901"}],"wp:term":[{"taxonomy":"category","embeddable":true,"href":"https:\/\/www.iset.com.br\/blog\/wp-json\/wp\/v2\/categories?post=49901"},{"taxonomy":"post_tag","embeddable":true,"href":"https:\/\/www.iset.com.br\/blog\/wp-json\/wp\/v2\/tags?post=49901"}],"curies":[{"name":"wp","href":"https:\/\/api.w.org\/{rel}","templated":true}]}}