{"id":49560,"date":"2020-05-29T10:22:16","date_gmt":"2020-05-29T13:22:16","guid":{"rendered":"https:\/\/www.iset.com.br\/blog\/?p=49560"},"modified":"2020-06-01T14:48:59","modified_gmt":"2020-06-01T17:48:59","slug":"melhores-ferramentas-facebook-marketplace-ads-business","status":"publish","type":"post","link":"https:\/\/www.iset.com.br\/blog\/melhores-ferramentas-facebook-marketplace-ads-business\/","title":{"rendered":"Melhores ferramentas do Facebook: Marketplace, Ads, Business"},"content":{"rendered":"<p><span style=\"font-weight: 400;\">No mundo contempor\u00e2neo, n\u00e3o h\u00e1 possibilidade de ter uma empresa sem <\/span><b>presen\u00e7a online<\/b><span style=\"font-weight: 400;\">. Um empreendimento que n\u00e3o investe nos canais dispon\u00edveis na internet, perde alcance e fica atr\u00e1s da concorr\u00eancia.<\/span><\/p>\n<p>&nbsp;<\/p>\n<p><span style=\"font-weight: 400;\">Para conseguir um <\/span><b>melhor contato com os clientes por meio do mundo online<\/b><span style=\"font-weight: 400;\">, existem diferentes ferramentas no mercado que possibilitam a <\/span><b>cria\u00e7\u00e3o de um site<\/b><span style=\"font-weight: 400;\">, um <\/span><b>blog<\/b><span style=\"font-weight: 400;\">, a gera\u00e7\u00e3o de um <\/span><b>canal de v\u00eddeos<\/b><span style=\"font-weight: 400;\"> e, inclusive, p\u00e1ginas em <\/span><a href=\"https:\/\/www.iset.com.br\/blog\/segredo-sucesso-marketing-redes-sociais-buffer\/?utm_source=blog&amp;utm_medium=post&amp;utm_campaign=link_sucesso_marketing_redes_sociais\"><b>redes sociais<\/b><\/a><span style=\"font-weight: 400;\">.<\/span><\/p>\n<p>&nbsp;<\/p>\n<p><span style=\"font-weight: 400;\">Entre as alternativas, definitivamente, o <\/span><a href=\"https:\/\/www.iset.com.br\/blog\/como-vender-marketplace-do-facebook\/?utm_source=blog&amp;utm_medium=post&amp;utm_campaign=link_como_vender_marketplace_facebook\"><b>Facebook <\/b><\/a><span style=\"font-weight: 400;\">\u00e9 uma das mais eficazes, tanto para manter quanto <\/span><b>fidelizar pessoas<\/b><span style=\"font-weight: 400;\">. N\u00e3o \u00e9 \u00e0 toa que a maior <\/span><b>rede social<\/b><span style=\"font-weight: 400;\"> do mundo tem mecanismos espec\u00edficos para as empresas.<\/span><\/p>\n<p>&nbsp;<\/p>\n<p><span style=\"font-weight: 400;\">Se voc\u00ea est\u00e1 procurando saber mais sobre o <\/span><b>Facebook<\/b><span style=\"font-weight: 400;\">, <\/span><b>dicas, <\/b><b>Facebook Marketplace, Facebook Ads, Facebook Business<\/b><span style=\"font-weight: 400;\"> e outras ferramentas dessa <\/span><a href=\"https:\/\/www.iset.com.br\/blog\/gerenciar-anuncios-redes-sociais\/?utm_source=blog&amp;utm_medium=post&amp;utm_campaign=link_gerenciar_anuncios_redes_sociais\"><b>rede social<\/b><\/a><span style=\"font-weight: 400;\">, voc\u00ea est\u00e1 no lugar certo!\u00a0<\/span><\/p>\n<p>&nbsp;<\/p>\n<p><span style=\"font-weight: 400;\">Continue lendo!<\/span><\/p>\n<h2><span style=\"font-weight: 400;\">Facebook Marketplace<\/span><\/h2>\n<p><span style=\"font-weight: 400;\">J\u00e1 faz um tempo desde que o <\/span><b>Facebook <\/b><span style=\"font-weight: 400;\">anunciou seu novo servi\u00e7o dentro da plataforma: o <\/span><b>Facebook Marketplace<\/b><span style=\"font-weight: 400;\"> \u2013 ou seja, agora, al\u00e9m de voc\u00ea visualizar as novidades dos seus amigos e compartilhar o que lhe interessa em seu feed, voc\u00ea tamb\u00e9m pode <\/span><b>comprar e vender seus produtos<\/b><span style=\"font-weight: 400;\">, sem muita dificuldade. O que antes ficava restrito apenas a grupos espec\u00edficos, agora ganhou um novo <\/span><b>ambiente exclusivo dentro do Facebook<\/b><span style=\"font-weight: 400;\">.<\/span><\/p>\n<p><span style=\"font-weight: 400;\">\u00a0<\/span><\/p>\n<p><span style=\"font-weight: 400;\">O <\/span><b>Facebook Marketplace<\/b><span style=\"font-weight: 400;\"> funciona de maneira <\/span><b>gratuita <\/b><span style=\"font-weight: 400;\">e \u00e9 poss\u00edvel descobrir e pesquisar produtos \u00e0 venda em regi\u00f5es pr\u00f3ximas, atrav\u00e9s da <\/span><b>geolocaliza\u00e7\u00e3o<\/b><span style=\"font-weight: 400;\">, ou busc\u00e1-los tamb\u00e9m por categorias ou produtos espec\u00edficos.<\/span><\/p>\n<p><span style=\"font-weight: 400;\">\u00a0<\/span><\/p>\n<p><span style=\"font-weight: 400;\">Lembrando que as transa\u00e7\u00f5es de valores e\/ou entrega n\u00e3o s\u00e3o feitos pelo <\/span><b>Facebook<\/b><span style=\"font-weight: 400;\">, sendo total responsabilidade do anunciante definir as op\u00e7\u00f5es de pagamento, troca e entrega. As <\/span><b>mensagens entre o anunciante e o comprador s\u00e3o realizadas de forma privada<\/b><span style=\"font-weight: 400;\">, atrav\u00e9s do <\/span><b>Facebook Messenger<\/b><span style=\"font-weight: 400;\">.<\/span><\/p>\n<p>&nbsp;<\/p>\n<figure id=\"attachment_49537\" aria-describedby=\"caption-attachment-49537\" style=\"width: 860px\" class=\"wp-caption alignnone\"><a href=\"https:\/\/bit.ly\/2X3NUuw\" rel=\"nofollow noopener\" target=\"_blank\"><img fetchpriority=\"high\" decoding=\"async\" class=\"size-full wp-image-49537\" src=\"https:\/\/www.iset.com.br\/blog\/wp-content\/uploads\/2019\/08\/cta-decolar-em-vendas.jpg\" alt=\"\" width=\"860\" height=\"260\" srcset=\"https:\/\/www.iset.com.br\/blog\/wp-content\/uploads\/2019\/08\/cta-decolar-em-vendas.jpg 860w, https:\/\/www.iset.com.br\/blog\/wp-content\/uploads\/2019\/08\/cta-decolar-em-vendas-300x91.jpg 300w, https:\/\/www.iset.com.br\/blog\/wp-content\/uploads\/2019\/08\/cta-decolar-em-vendas-768x232.jpg 768w, https:\/\/www.iset.com.br\/blog\/wp-content\/uploads\/2019\/08\/cta-decolar-em-vendas-600x181.png 600w, https:\/\/www.iset.com.br\/blog\/wp-content\/uploads\/2019\/08\/cta-decolar-em-vendas-24x7.png 24w, https:\/\/www.iset.com.br\/blog\/wp-content\/uploads\/2019\/08\/cta-decolar-em-vendas-36x11.png 36w, https:\/\/www.iset.com.br\/blog\/wp-content\/uploads\/2019\/08\/cta-decolar-em-vendas-48x15.png 48w\" sizes=\"(max-width: 860px) 100vw, 860px\" \/><\/a><figcaption id=\"caption-attachment-49537\" class=\"wp-caption-text\">Saiba como fazer o seu e-commerce decolar nas vendas!<\/figcaption><\/figure>\n<h3><b>Como funciona o Facebook Marketplace<\/b><span style=\"font-weight: 400;\">?<\/span><\/h3>\n<p><span style=\"font-weight: 400;\">Para acessar o <\/span><b>Marketplace <\/b><span style=\"font-weight: 400;\">\u00e9 bem simples: basta clicar no \u00edcone localizado na <\/span><b>barra principal do facebook<\/b><span style=\"font-weight: 400;\">, juntamente com os \u00edcones de notifica\u00e7\u00e3o, feed, grupos e v\u00eddeos. Em iOS esta barra fica na \u00e1rea inferior, em Android, esta barra fica na \u00e1rea superior.<\/span><\/p>\n<p>&nbsp;<\/p>\n<p><span style=\"font-weight: 400;\">Agora, caso queira acessar o <\/span><b>Facebook Marketplace <\/b><span style=\"font-weight: 400;\">atrav\u00e9s do computador, acesse o site da <\/span><b>Facebook <\/b><span style=\"font-weight: 400;\">e, na lateral esquerda da tela, clique em \u201c<\/span><b>Marketplace<\/b><span style=\"font-weight: 400;\">\u201d.<\/span><\/p>\n<p><span style=\"font-weight: 400;\">\u00a0<\/span><\/p>\n<p><span style=\"font-weight: 400;\">Pelo computador, al\u00e9m de voc\u00ea conseguir fazer pesquisas por <\/span><b>produtos espec\u00edficos e categorias,<\/b><span style=\"font-weight: 400;\"> conforme dito anteriormente, tamb\u00e9m conseguir\u00e1 definir um valor m\u00ednimo e m\u00e1ximo.<\/span><\/p>\n<p>&nbsp;<\/p>\n<p><span style=\"font-weight: 400;\">Uma vez dentro do <\/span><b>Marketplace <\/b><span style=\"font-weight: 400;\">voc\u00ea poder\u00e1 pesquisar produtos clicando na barra de busca, onde voc\u00ea tamb\u00e9m achar\u00e1 \u201c<\/span><b>Atalhos<\/b><span style=\"font-weight: 400;\">\u201d criados pelo pr\u00f3prio <\/span><b>Facebook Marketplace<\/b><span style=\"font-weight: 400;\">. Estes atalhos s\u00e3o as categorias, que v\u00e3o desde ve\u00edculos at\u00e9 loca\u00e7\u00f5es, m\u00f3veis, roupas, acess\u00f3rios, cal\u00e7ados, eletr\u00f4nicos, classificados, hobbies, empregos e muito mais!<\/span><\/p>\n<p><span style=\"font-weight: 400;\">\u00a0<\/span><\/p>\n<p><span style=\"font-weight: 400;\">Agora, voltando para a p\u00e1gina principal do <\/span><b>Facebook Marketplace<\/b><span style=\"font-weight: 400;\"> voc\u00ea ver\u00e1 bal\u00f5es com \u201cVender\u201d, \u201cLocal\u201d, \u201cVe\u00edculos\u201d, \u201cLoca\u00e7\u00f5es\u201d, e \u201cMais\u201d, que nada mais s\u00e3o do que os mesmos atalhos citados anteriormente mas de acesso mais r\u00e1pidos.<\/span><\/p>\n<p><span style=\"font-weight: 400;\">\u00a0<\/span><\/p>\n<p><span style=\"font-weight: 400;\">Ao lado destes bal\u00f5es voc\u00ea ver\u00e1 um \u00edcone com um usu\u00e1rio. \u00c9 clicando neste \u00edcone que voc\u00ea ter\u00e1 acesso ao seu <\/span><b>Perfil de Marketplace, localiza\u00e7\u00e3o, caixa de entrada, seus classificados<\/b><span style=\"font-weight: 400;\">, caso esteja vendendo algo, seus produtos salvos e atividades recentes dentro do <\/span><b>Facebook Marketplace<\/b><span style=\"font-weight: 400;\">.<\/span><\/p>\n<p>&nbsp;<\/p>\n<figure id=\"attachment_47386\" aria-describedby=\"caption-attachment-47386\" style=\"width: 860px\" class=\"wp-caption alignnone\"><a href=\"http:\/\/bit.ly\/303X219\" rel=\"nofollow noopener\" target=\"_blank\"><img decoding=\"async\" class=\"size-full wp-image-47386\" src=\"https:\/\/www.iset.com.br\/blog\/wp-content\/uploads\/2019\/06\/cta-marketing-digital.jpg\" alt=\"\" width=\"860\" height=\"260\" srcset=\"https:\/\/www.iset.com.br\/blog\/wp-content\/uploads\/2019\/06\/cta-marketing-digital.jpg 860w, https:\/\/www.iset.com.br\/blog\/wp-content\/uploads\/2019\/06\/cta-marketing-digital-300x91.jpg 300w, https:\/\/www.iset.com.br\/blog\/wp-content\/uploads\/2019\/06\/cta-marketing-digital-768x232.jpg 768w, https:\/\/www.iset.com.br\/blog\/wp-content\/uploads\/2019\/06\/cta-marketing-digital-600x181.png 600w, https:\/\/www.iset.com.br\/blog\/wp-content\/uploads\/2019\/06\/cta-marketing-digital-24x7.png 24w, https:\/\/www.iset.com.br\/blog\/wp-content\/uploads\/2019\/06\/cta-marketing-digital-36x11.png 36w, https:\/\/www.iset.com.br\/blog\/wp-content\/uploads\/2019\/06\/cta-marketing-digital-48x15.png 48w\" sizes=\"(max-width: 860px) 100vw, 860px\" \/><\/a><figcaption id=\"caption-attachment-47386\" class=\"wp-caption-text\">Voc\u00ea sabe exatamente o que \u00e9 marketing digital, como ele funciona e quais os seus benef\u00edcios para seu e-commerce? Leia nosso post para aprender tudo sobre o assunto<\/figcaption><\/figure>\n<h2><span style=\"font-weight: 400;\">Facebook Ads<\/span><\/h2>\n<p><span style=\"font-weight: 400;\">O <\/span><b>marketing digital<\/b><span style=\"font-weight: 400;\"> oferece diversas estrat\u00e9gias para divulgar um neg\u00f3cio, o que pode causar dificuldades para os empres\u00e1rios que t\u00eam pouca experi\u00eancia com o assunto. O <\/span><a href=\"https:\/\/www.iset.com.br\/blog\/facebook-ads-para-e-commerce-saiba-como-iniciar-suas-campanhas\/?utm_source=blog&amp;utm_medium=post&amp;utm_campaign=link_facebook_ads\"><b>Facebook Ads<\/b><\/a><span style=\"font-weight: 400;\"> \u00e9 a ferramenta correspondente \u00e0 <\/span><b>rede social<\/b><span style=\"font-weight: 400;\">, e que ajuda os usu\u00e1rios a desenvolverem an\u00fancios nas suas p\u00e1ginas.<\/span><\/p>\n<p>&nbsp;<\/p>\n<p><span style=\"font-weight: 400;\">O <\/span><b>Facebook ads <\/b><span style=\"font-weight: 400;\">conta com uma enorme base de usu\u00e1rios que, para fazerem parte da plataforma, fornecem uma s\u00e9rie de dados pessoais.<\/span><\/p>\n<p><span style=\"font-weight: 400;\">\u00a0<\/span><\/p>\n<p><span style=\"font-weight: 400;\">Essas informa\u00e7\u00f5es do <strong>Facebook Ads<\/strong> permitem que as empresas segmentem seus an\u00fancios e fa\u00e7am o direcionamento para o seu p\u00fablico-alvo, o que <\/span><b>aumenta as chances de chamar a aten\u00e7\u00e3o e fazer novos neg\u00f3cios.<\/b><\/p>\n<p><b>\u00a0<\/b><\/p>\n<p><span style=\"font-weight: 400;\">Se, por exemplo, a sua <\/span><b>loja virtual<\/b><span style=\"font-weight: 400;\"> \u00e9 focada em camisas com estampas da cultura pop, ent\u00e3o voc\u00ea pode direcionar seus an\u00fancios na plataforma para jovens que gostem de s\u00e9ries e filmes e que residam na sua regi\u00e3o no <strong>Facebook Ads<\/strong>. \u00c9 justamente essa fun\u00e7\u00e3o que torna o <\/span><a href=\"https:\/\/www.iset.com.br\/blog\/facebook-3-dicas-de-como-usa-lo-em-prol-da-sua-loja-online\/?utm_source=blog&amp;utm_medium=post&amp;utm_campaign=link_facebook_dicas_loja_online\"><b>Facebook <\/b><\/a><span style=\"font-weight: 400;\">uma ferramenta essencial para <\/span><b>e-commerce<\/b><span style=\"font-weight: 400;\">.<\/span><\/p>\n<p><span style=\"font-weight: 400;\">\u00a0<\/span><\/p>\n<p><span style=\"font-weight: 400;\">Al\u00e9m disso, no <strong>Facebook Ads<\/strong> \u00e9 poss\u00edvel <\/span><b>criar an\u00fancios din\u00e2micos<\/b><span style=\"font-weight: 400;\">, que desenvolvam um modelo de propaganda que use imagens e detalhes que est\u00e3o no seu feed de produtos para divulgar mercadorias. E mais: esse mecanismo \u00e9 uma excelente op\u00e7\u00e3o para o <\/span><a href=\"https:\/\/www.iset.com.br\/blog\/o-que-e-remarketing-quais-as-vantagens-e-como-fazer\/?utm_source=blog&amp;utm_medium=post&amp;utm_campaign=link_remarketing\"><b>remarketing<\/b><\/a><span style=\"font-weight: 400;\">, ou seja, para impactar as pessoas que j\u00e1 demonstraram interesse no seu neg\u00f3cio.<\/span><\/p>\n<p><span style=\"font-weight: 400;\">\u00a0<\/span><\/p>\n<p><span style=\"font-weight: 400;\">O <\/span><b>Facebook Ads<\/b><span style=\"font-weight: 400;\"> apresenta in\u00fameras vantagens para os empres\u00e1rios que fazem uso da ferramenta para desenvolver suas campanhas. H\u00e1 maior <\/span><b>intera\u00e7\u00e3o entre marca e cliente<\/b><span style=\"font-weight: 400;\">, <\/span><b>tr\u00e1fego segmentado para o site<\/b><span style=\"font-weight: 400;\">, <\/span><b>capta\u00e7\u00e3o de novos clientes<\/b><span style=\"font-weight: 400;\">, <\/span><b>f\u00e1cil de usar e acessar<\/b><span style=\"font-weight: 400;\"> e tem <\/span><b>ampla abrang\u00eancia<\/b><span style=\"font-weight: 400;\">.<\/span><\/p>\n<p>&nbsp;<\/p>\n<figure id=\"attachment_49367\" aria-describedby=\"caption-attachment-49367\" style=\"width: 860px\" class=\"wp-caption alignnone\"><a href=\"https:\/\/bit.ly\/2x9oYHL\" rel=\"nofollow noopener\" target=\"_blank\"><img decoding=\"async\" class=\"size-full wp-image-49367\" src=\"https:\/\/www.iset.com.br\/blog\/wp-content\/uploads\/2020\/04\/CTA-Estrategias-ecommerce.jpg\" alt=\"\" width=\"860\" height=\"260\" srcset=\"https:\/\/www.iset.com.br\/blog\/wp-content\/uploads\/2020\/04\/CTA-Estrategias-ecommerce.jpg 860w, https:\/\/www.iset.com.br\/blog\/wp-content\/uploads\/2020\/04\/CTA-Estrategias-ecommerce-300x91.jpg 300w, https:\/\/www.iset.com.br\/blog\/wp-content\/uploads\/2020\/04\/CTA-Estrategias-ecommerce-768x232.jpg 768w, https:\/\/www.iset.com.br\/blog\/wp-content\/uploads\/2020\/04\/CTA-Estrategias-ecommerce-600x181.png 600w, https:\/\/www.iset.com.br\/blog\/wp-content\/uploads\/2020\/04\/CTA-Estrategias-ecommerce-24x7.png 24w, https:\/\/www.iset.com.br\/blog\/wp-content\/uploads\/2020\/04\/CTA-Estrategias-ecommerce-36x11.png 36w, https:\/\/www.iset.com.br\/blog\/wp-content\/uploads\/2020\/04\/CTA-Estrategias-ecommerce-48x15.png 48w\" sizes=\"(max-width: 860px) 100vw, 860px\" \/><\/a><figcaption id=\"caption-attachment-49367\" class=\"wp-caption-text\">E-book 6 Estrat\u00e9gias pouco exploradas por quem vende em e-commerce<\/figcaption><\/figure>\n<h2><span style=\"font-weight: 400;\">Facebook Business<\/span><\/h2>\n<p><span style=\"font-weight: 400;\">Diferentemente do perfil pessoal disponibilizado pela <\/span><b>rede social<\/b><span style=\"font-weight: 400;\">, o <\/span><a href=\"https:\/\/www.iset.com.br\/blog\/guia-do-facebook-business-da-criacao-da-conta-ate-o-seu-uso\/?utm_source=blog&amp;utm_medium=post&amp;utm_campaign=link_facebook_business\"><b>Facebook Business<\/b><\/a><span style=\"font-weight: 400;\"> \u00e9 uma p\u00e1gina institucional. Isto \u00e9, um canal espec\u00edfico em que os clientes podem interagir com uma determinada marca. Curiosamente, esse espa\u00e7o tamb\u00e9m \u00e9 conhecido como fanpage, j\u00e1 que tem \u00e9 muito f\u00e1cil para que as pessoas possam acompanhar as postagens e entrar em contato com os membros da p\u00e1gina.<\/span><\/p>\n<h3><span style=\"font-weight: 400;\">Facebook Business Manager<\/span><\/h3>\n<p><span style=\"font-weight: 400;\">Junto \u00e0 p\u00e1gina corporativa, o empres\u00e1rio tamb\u00e9m tem acesso a uma outra ferramenta chamada de <\/span><b>Gerenciador de Neg\u00f3cios<\/b><span style=\"font-weight: 400;\"> ou <\/span><b>Facebook Business Manager<\/b><span style=\"font-weight: 400;\">. Nela, \u00e9 permitido <\/span><b>controlar as p\u00e1ginas, an\u00fancios, aplicativos e perfis<\/b><span style=\"font-weight: 400;\"> em um s\u00f3 espa\u00e7o. Dessa maneira, \u00e9 poss\u00edvel que um grupo de pessoas consiga trabalhar no espa\u00e7o sem exatamente ter acesso ao login ou senha pessoal de quem https:\/\/www.iset.com.br\/blog\/wp-content\/uploads\/2023\/05\/estrategias-marketing-semana-consumidor-2500&#215;1440-1-1536&#215;885-1.webpistra.<\/span><\/p>\n<h3><span style=\"font-weight: 400;\">Por que usar o Facebook Business?<\/span><\/h3>\n<p><span style=\"font-weight: 400;\">Para empresas, \u00e9 imprescind\u00edvel o uso dessa plataforma, principalmente, porque o alcance do <\/span><a href=\"https:\/\/www.iset.com.br\/blog\/facebook-e-instagram-combinacao-campea-para-sua-estrategia-de-marketing\/?utm_source=blog&amp;utm_medium=post&amp;utm_campaign=link_facebook_instagram_estrategia_marketing\"><b>Facebook <\/b><\/a><span style=\"font-weight: 400;\">\u00e9 muito alto, atingindo cerca de 1,4 bilh\u00e3o de pessoas. Com a possibilidade de ter uma p\u00e1gina s\u00f3 para neg\u00f3cios, \u00e9 muito mais f\u00e1cil gerenciar e separar as notifica\u00e7\u00f5es e intera\u00e7\u00f5es.\u00a0<\/span><\/p>\n<p>&nbsp;<\/p>\n<p><span style=\"font-weight: 400;\">O <\/span><b>Facebook Business<\/b><span style=\"font-weight: 400;\"> separa o profissional do pessoal e torna poss\u00edvel a n\u00e3o interfer\u00eancia na p\u00e1gina pessoal. Com uma p\u00e1gina pr\u00f3pria para as empresas, quando se trata de <\/span><b>cadastrar formas de pagamentos<\/b><span style=\"font-weight: 400;\">, o <\/span><b>Facebook Business Manager<\/b><span style=\"font-weight: 400;\"> garante muito mais seguran\u00e7a, j\u00e1 que n\u00e3o \u00e9 necess\u00e1rio disponibilizar os seus dados banc\u00e1rios no perfil pessoal.\u00a0<\/span><\/p>\n<p>&nbsp;<\/p>\n<p><a href=\"https:\/\/bit.ly\/2S1Q9eQ\" rel=\"nofollow noopener\" target=\"_blank\"><img loading=\"lazy\" decoding=\"async\" class=\"alignnone size-full wp-image-49420\" src=\"https:\/\/www.iset.com.br\/blog\/wp-content\/uploads\/2020\/04\/CTA-Review-iSET-Kmaleon.jpg\" alt=\"\" width=\"860\" height=\"260\" srcset=\"https:\/\/www.iset.com.br\/blog\/wp-content\/uploads\/2020\/04\/CTA-Review-iSET-Kmaleon.jpg 860w, https:\/\/www.iset.com.br\/blog\/wp-content\/uploads\/2020\/04\/CTA-Review-iSET-Kmaleon-300x91.jpg 300w, https:\/\/www.iset.com.br\/blog\/wp-content\/uploads\/2020\/04\/CTA-Review-iSET-Kmaleon-768x232.jpg 768w, https:\/\/www.iset.com.br\/blog\/wp-content\/uploads\/2020\/04\/CTA-Review-iSET-Kmaleon-600x181.png 600w, https:\/\/www.iset.com.br\/blog\/wp-content\/uploads\/2020\/04\/CTA-Review-iSET-Kmaleon-24x7.png 24w, https:\/\/www.iset.com.br\/blog\/wp-content\/uploads\/2020\/04\/CTA-Review-iSET-Kmaleon-36x11.png 36w, https:\/\/www.iset.com.br\/blog\/wp-content\/uploads\/2020\/04\/CTA-Review-iSET-Kmaleon-48x15.png 48w\" sizes=\"(max-width: 860px) 100vw, 860px\" \/><\/a><\/p>\n<h3><span style=\"font-weight: 400;\">Como criar uma conta no Facebook Business?<\/span><\/h3>\n<p><span style=\"font-weight: 400;\">\u00c9 bem <\/span><b>simples <\/b><a href=\"https:\/\/blog.iset.com.br\/por-que-criar-pagina-no-facebook-para-minha-loja-online\/\" rel=\"nofollow noopener\" target=\"_blank\"><b>criar uma p\u00e1gina corporativa no Facebook Business<\/b><\/a><span style=\"font-weight: 400;\">, o primeiro passo \u00e9 acessar o <strong>Facebook<\/strong> <\/span><b>Business Pages<\/b><span style=\"font-weight: 400;\"> e clicar no bot\u00e3o \u201c<\/span><b>Criar uma conta<\/b><span style=\"font-weight: 400;\">\u201d. Aqui, voc\u00ea dever\u00e1 colocar qual \u00e9 a classifica\u00e7\u00e3o de sua empresa.<\/span><\/p>\n<p>&nbsp;<\/p>\n<p><span style=\"font-weight: 400;\">Ap\u00f3s escolher a classifica\u00e7\u00e3o, \u00e9 hora de preencher os seus dados pessoais, como nome de sua empresa, o seu nome e sobrenome comercial, al\u00e9m de explicar um pouco sobre o seu neg\u00f3cio. Aproveite esse momento de criar sua conta no <strong>Facebook Business<\/strong> para <\/span><b>utilizar as palavras-chaves para gerar um bom <\/b><a href=\"https:\/\/blog.iset.com.br\/7-dicas-para-gerar-trafego-para-minha-loja-online\/\" rel=\"nofollow noopener\" target=\"_blank\"><b>tr\u00e1fego on-line<\/b><\/a><b>.<\/b><\/p>\n<h2><span style=\"font-weight: 400;\">P\u00e1gina no Facebook<\/span><\/h2>\n<p><span style=\"font-weight: 400;\">O <\/span><b>Facebook <\/b><span style=\"font-weight: 400;\">\u00e9 uma das <\/span><b>redes sociais favoritas no Brasil<\/b><span style=\"font-weight: 400;\">, contando com mais de<\/span> <a href=\"https:\/\/www.facebook.com\/business\/news\/102-milhes-de-brasileiros-compartilham-seus-momentos-no-facebook-todos-os-meses?utm_source=blog&amp;utm_campaign=rc_blogpost\" rel=\"nofollow noopener\" target=\"_blank\"><b>102 milh\u00f5es de usu\u00e1rios<\/b><\/a><b> no pa\u00eds. <\/b><span style=\"font-weight: 400;\">No <\/span><b>Facebook<\/b><span style=\"font-weight: 400;\">, h\u00e1 dois tipos de canais com os quais as pessoas podem interagir: o perfil e a p\u00e1gina (antigamente chamada fan page). Enquanto o perfil \u00e9 pessoal, que visa proporcionar a conex\u00e3o com amigos, a p\u00e1gina pode ser uma ferramenta para uso profissional, com a fun\u00e7\u00e3o de propor contatos com clientes ou prospects.<\/span><\/p>\n<h3><span style=\"font-weight: 400;\">Como criar uma p\u00e1gina no Facebook?<\/span><\/h3>\n<p><span style=\"font-weight: 400;\">Para <\/span><b>criar uma p\u00e1gina para a sua marca gratuitamente<\/b><span style=\"font-weight: 400;\">, basta ter uma conta no <\/span><b>Facebook<\/b><span style=\"font-weight: 400;\">, acessar a <\/span><b>rede social<\/b><span style=\"font-weight: 400;\"> e entrar no guia para <\/span><a href=\"https:\/\/www.facebook.com\/pages\/create\/?utm_source=blog&amp;utm_campaign=rc_blogpost\" rel=\"nofollow noopener\" target=\"_blank\"><span style=\"font-weight: 400;\">configura\u00e7\u00e3o de p\u00e1gina<\/span><\/a><span style=\"font-weight: 400;\">. Ent\u00e3o, \u00e9 s\u00f3 seguir as instru\u00e7\u00f5es e preencher os dados com aten\u00e7\u00e3o.<\/span><\/p>\n<p><span style=\"font-weight: 400;\">\u00a0<\/span><\/p>\n<p><span style=\"font-weight: 400;\">Cuidado principalmente \u00e0s informa\u00e7\u00f5es de contato, pois os clientes as usar\u00e3o para se comunicarem com voc\u00ea.<\/span><\/p>\n<p><span style=\"font-weight: 400;\">\u00a0<\/span><\/p>\n<p><span style=\"font-weight: 400;\">Se precisar de ajuda com a <\/span><b>manuten\u00e7\u00e3o da p\u00e1gina,<\/b><span style=\"font-weight: 400;\"> existe a possibilidade de atribuir <\/span><b>fun\u00e7\u00f5es https:\/\/www.iset.com.br\/blog\/wp-content\/uploads\/2023\/05\/estrategias-marketing-semana-consumidor-2500&#215;1440-1-1536&#215;885-1.webpistrativas<\/b><span style=\"font-weight: 400;\"> aos seus colaboradores. Nas Configura\u00e7\u00f5es, \u00e9 s\u00f3 entrar em <\/span><b>Fun\u00e7\u00f5es Administrativas<\/b><span style=\"font-weight: 400;\">.<\/span><\/p>\n<p>&nbsp;<\/p>\n<figure id=\"attachment_49531\" aria-describedby=\"caption-attachment-49531\" style=\"width: 860px\" class=\"wp-caption alignnone\"><a href=\"https:\/\/bit.ly\/3grcNI3\" rel=\"nofollow noopener\" target=\"_blank\"><img loading=\"lazy\" decoding=\"async\" class=\"size-full wp-image-49531\" src=\"https:\/\/www.iset.com.br\/blog\/wp-content\/uploads\/2020\/05\/CTA-revenda-plataforma-ai.jpg\" alt=\"\" width=\"860\" height=\"260\" srcset=\"https:\/\/www.iset.com.br\/blog\/wp-content\/uploads\/2020\/05\/CTA-revenda-plataforma-ai.jpg 860w, https:\/\/www.iset.com.br\/blog\/wp-content\/uploads\/2020\/05\/CTA-revenda-plataforma-ai-300x91.jpg 300w, https:\/\/www.iset.com.br\/blog\/wp-content\/uploads\/2020\/05\/CTA-revenda-plataforma-ai-768x232.jpg 768w, https:\/\/www.iset.com.br\/blog\/wp-content\/uploads\/2020\/05\/CTA-revenda-plataforma-ai-600x181.png 600w, https:\/\/www.iset.com.br\/blog\/wp-content\/uploads\/2020\/05\/CTA-revenda-plataforma-ai-24x7.png 24w, https:\/\/www.iset.com.br\/blog\/wp-content\/uploads\/2020\/05\/CTA-revenda-plataforma-ai-36x11.png 36w, https:\/\/www.iset.com.br\/blog\/wp-content\/uploads\/2020\/05\/CTA-revenda-plataforma-ai-48x15.png 48w\" sizes=\"(max-width: 860px) 100vw, 860px\" \/><\/a><figcaption id=\"caption-attachment-49531\" class=\"wp-caption-text\">Seja uma ag\u00eancia parceira da iSET e receba benef\u00edcios exclusivos!<\/figcaption><\/figure>\n<h2><span style=\"font-weight: 400;\">Facebook Insights<\/span><\/h2>\n<p><span style=\"font-weight: 400;\">As p\u00e1ginas no <\/span><b>Facebook <\/b><span style=\"font-weight: 400;\">oferecem a funcionalidade Informa\u00e7\u00f5es, em que \u00e9 poss\u00edvel analisar, entre outras<\/span> <a href=\"http:\/\/blog.iset.com.br\/2016\/09\/3-metricas-de-e-commerce-importantes\/?utm_source=blog&amp;utm_campaign=rc_blogpost\" rel=\"nofollow noopener\" target=\"_blank\"><b>m\u00e9tricas<\/b><\/a><b>, as curtidas, o alcance das publica\u00e7\u00f5es, o n\u00famero de visualiza\u00e7\u00f5es da p\u00e1gina<\/b><span style=\"font-weight: 400;\"> e alguns dados demogr\u00e1ficos.<\/span><\/p>\n<p><span style=\"font-weight: 400;\">\u00a0<\/span><\/p>\n<p><span style=\"font-weight: 400;\">Tamb\u00e9m conhecida como <\/span><b>Facebook Insights<\/b><span style=\"font-weight: 400;\">, as Informa\u00e7\u00f5es s\u00e3o uma \u00f3tima ferramenta para avaliar se a sua estrat\u00e9gia para <\/span><a href=\"http:\/\/blog.iset.com.br\/2016\/12\/conheca-5-ferramentas-para-impulsionar-as-vendas-online\/?utm_source=blog&amp;utm_campaign=rc_blogpost\" rel=\"nofollow noopener\" target=\"_blank\"><span style=\"font-weight: 400;\">impulsionar as vendas<\/span><\/a><span style=\"font-weight: 400;\"> usando o Facebook est\u00e1 dando certo ou n\u00e3o.<\/span><\/p>\n<h3><span style=\"font-weight: 400;\">Principal vantagem em usar o Facebook para loja virtual?<\/span><\/h3>\n<p><a href=\"https:\/\/www.iset.com.br\/blog\/e-commerce-5-dicas-para-aumentar-as-vendas-utilizando-o-facebook\/?utm_source=blog&amp;utm_medium=post&amp;utm_campaign=link_ecommerce_aumentar_vendas_facebook\"><b>Facebook <\/b><\/a><span style=\"font-weight: 400;\">\u00e9 o lugar na internet onde todos est\u00e3o. Come\u00e7ou com estudantes de Harvard e hoje, com um bilh\u00e3o de usu\u00e1rios, se fosse um pa\u00eds, seria o terceiro mais populoso no mundo. A grande vantagem de se estar <\/span><b>t\u00e3o pr\u00f3ximo de tantas pessoas<\/b><span style=\"font-weight: 400;\"> \u00e9 a possibilidade de conversar com cada uma delas. Literalmente. \u00c9 poss\u00edvel <\/span><b>engajar grandes grupos e comunidades<\/b><span style=\"font-weight: 400;\">, mas tamb\u00e9m cada <\/span><b>usu\u00e1rio<\/b><span style=\"font-weight: 400;\">, individualmente, por chats e mensagens diretas.<\/span><\/p>\n<p>&nbsp;<\/p>\n<p>N\u00e3o se esque\u00e7a de inscrever em nosso blog. Toda semana temos v\u00e1rios posts com muitas dicas e novidades para fazer o seu neg\u00f3cio ir a mil! Siga a gente em nossas redes sociais\u00a0 tamb\u00e9m:\u00a0\u00a0<a href=\"https:\/\/twitter.com\/isetbr\" target=\"_blank\" rel=\"noopener noreferrer nofollow\" data-saferedirecturl=\"https:\/\/www.google.com\/url?q=https:\/\/twitter.com\/isetbr&amp;source=gmail&amp;ust=1590844489906000&amp;usg=AFQjCNGoi1FblNQxFhvCJNLcQcve50e71w\"><b>Twitter<\/b><\/a><b>,\u00a0\u00a0<\/b><a href=\"https:\/\/www.facebook.com\/isetbr\" target=\"_blank\" rel=\"noopener noreferrer nofollow\" data-saferedirecturl=\"https:\/\/www.google.com\/url?q=https:\/\/www.facebook.com\/isetbr&amp;source=gmail&amp;ust=1590844489906000&amp;usg=AFQjCNFWTGIaNupyulVRa9KQIOyuM8ogJw\"><b>Facebook<\/b><\/a><b>,\u00a0\u00a0<\/b><b><a href=\"https:\/\/www.instagram.com\/isetbr\" target=\"_blank\" rel=\"noopener noreferrer nofollow\" data-saferedirecturl=\"https:\/\/www.google.com\/url?q=https:\/\/www.instagram.com\/isetbr&amp;source=gmail&amp;ust=1590844489906000&amp;usg=AFQjCNE-liRL_okgjA1bPuWiOMXYCw3z4Q\"><wbr \/>Instagram<\/a>,\u00a0<a title=\"https:\/\/www.linkedin.com\/company\/isetbr\/\" href=\"https:\/\/www.linkedin.com\/company\/isetbr\/\" target=\"_blank\" rel=\"noopener noreferrer nofollow\" data-saferedirecturl=\"https:\/\/www.google.com\/url?q=https:\/\/www.linkedin.com\/company\/isetbr\/&amp;source=gmail&amp;ust=1590844489907000&amp;usg=AFQjCNHvzlEMfeRMjGc8wnoc4MHZHn2Ltg\">LinkedIn<\/a>\u00a0<\/b>e\u00a0<a href=\"https:\/\/www.youtube.com.br\/isetbrasil\" target=\"_blank\" rel=\"noopener noreferrer nofollow\" data-saferedirecturl=\"https:\/\/www.google.com\/url?q=https:\/\/www.youtube.com.br\/isetbrasil&amp;source=gmail&amp;ust=1590844489907000&amp;usg=AFQjCNGkx95ceWwRxsF11-mN57zD-Kczfw\"><b>YouTube<\/b><\/a><b>.<\/b><wbr \/><\/p>\n","protected":false},"excerpt":{"rendered":"<p>No mundo contempor\u00e2neo, n\u00e3o h\u00e1 possibilidade de ter uma empresa sem presen\u00e7a online. Um empreendimento que n\u00e3o investe nos canais dispon\u00edveis na internet, perde alcance e fica atr\u00e1s da concorr\u00eancia. &nbsp; Para conseguir um melhor contato com os clientes por meio do mundo online, existem diferentes ferramentas no mercado que possibilitam a cria\u00e7\u00e3o de um [&hellip;]<\/p>\n","protected":false},"author":22,"featured_media":49561,"comment_status":"closed","ping_status":"open","sticky":false,"template":"post-templates\/cover.php","format":"standard","meta":{"footnotes":""},"categories":[8,222,776],"tags":[559,1258,420,907,1222,24,398,527,1259,914],"class_list":["post-49560","post","type-post","status-publish","format-standard","has-post-thumbnail","hentry","category-dicas-de-ecommerce","category-marketing-digital","category-marketplaces","tag-ads","tag-business","tag-facebook","tag-impulsionar-as-vendas","tag-insights","tag-marketing","tag-marketplace","tag-metricas","tag-pagina","tag-rede-social"],"_links":{"self":[{"href":"https:\/\/www.iset.com.br\/blog\/wp-json\/wp\/v2\/posts\/49560","targetHints":{"allow":["GET"]}}],"collection":[{"href":"https:\/\/www.iset.com.br\/blog\/wp-json\/wp\/v2\/posts"}],"about":[{"href":"https:\/\/www.iset.com.br\/blog\/wp-json\/wp\/v2\/types\/post"}],"author":[{"embeddable":true,"href":"https:\/\/www.iset.com.br\/blog\/wp-json\/wp\/v2\/users\/22"}],"replies":[{"embeddable":true,"href":"https:\/\/www.iset.com.br\/blog\/wp-json\/wp\/v2\/comments?post=49560"}],"version-history":[{"count":3,"href":"https:\/\/www.iset.com.br\/blog\/wp-json\/wp\/v2\/posts\/49560\/revisions"}],"predecessor-version":[{"id":49592,"href":"https:\/\/www.iset.com.br\/blog\/wp-json\/wp\/v2\/posts\/49560\/revisions\/49592"}],"wp:featuredmedia":[{"embeddable":true,"href":"https:\/\/www.iset.com.br\/blog\/wp-json\/wp\/v2\/media\/49561"}],"wp:attachment":[{"href":"https:\/\/www.iset.com.br\/blog\/wp-json\/wp\/v2\/media?parent=49560"}],"wp:term":[{"taxonomy":"category","embeddable":true,"href":"https:\/\/www.iset.com.br\/blog\/wp-json\/wp\/v2\/categories?post=49560"},{"taxonomy":"post_tag","embeddable":true,"href":"https:\/\/www.iset.com.br\/blog\/wp-json\/wp\/v2\/tags?post=49560"}],"curies":[{"name":"wp","href":"https:\/\/api.w.org\/{rel}","templated":true}]}}