{"id":49452,"date":"2020-04-29T10:32:12","date_gmt":"2020-04-29T13:32:12","guid":{"rendered":"https:\/\/www.iset.com.br\/blog\/?p=49452"},"modified":"2021-07-08T16:06:03","modified_gmt":"2021-07-08T19:06:03","slug":"como-manter-estavel-frete-coronavirus","status":"publish","type":"post","link":"https:\/\/www.iset.com.br\/blog\/como-manter-estavel-frete-coronavirus\/","title":{"rendered":"Como manter est\u00e1vel o frete em tempos de coronav\u00edrus?"},"content":{"rendered":"<p><span style=\"font-weight: 400;\">Uma das principais d\u00favidas de quem vende online, neste momento, deve ser essa: como fazer uma gest\u00e3o eficiente de frete em tempos de coronav\u00edrus?<\/span><\/p>\n<p>&nbsp;<\/p>\n<p><span style=\"font-weight: 400;\">Esse questionamento se torna ainda mais forte diante da necessidade de isolamento social causada pela pandemia, j\u00e1 que as <\/span><b>compras pela internet surgiram como alternativa<\/b><span style=\"font-weight: 400;\"> para atender a popula\u00e7\u00e3o.<\/span><\/p>\n<p>&nbsp;<\/p>\n<p><span style=\"font-weight: 400;\">Segundo a Associa\u00e7\u00e3o Brasileira de Com\u00e9rcio Eletr\u00f4nico (ABComm), <\/span><b>o volume de vendas cresceu 40%<\/b><span style=\"font-weight: 400;\"> na primeira quinzena de mar\u00e7o, em compara\u00e7\u00e3o com o mesmo per\u00edodo de 2019.<\/span><\/p>\n<p>&nbsp;<\/p>\n<p><span style=\"font-weight: 400;\">E considerando que a entrega \u00e9 uma das maiores preocupa\u00e7\u00f5es de quem vende online,<\/span> <b>o setor de transporte de cargas foi reconhecido entre os servi\u00e7os essenciais<\/b><span style=\"font-weight: 400;\">. Ou seja, n\u00e3o pode ser interrompido durante a pandemia.<\/span><\/p>\n<p>&nbsp;<\/p>\n<p><span style=\"font-weight: 400;\">A medida foi publicada no Decreto 10.282, assinado pela Presid\u00eancia da Rep\u00fablica em 20 de mar\u00e7o de 2020.<\/span><\/p>\n<p>&nbsp;<\/p>\n<p><span style=\"font-weight: 400;\">Mas a suspens\u00e3o tempor\u00e1ria logo que o coronav\u00edrus chegou ao Brasil e as limita\u00e7\u00f5es impostas para conter o avan\u00e7o da doen\u00e7a <\/span><b>afetaram diretamente os custos e prazos de entrega<\/b><span style=\"font-weight: 400;\">.<\/span><\/p>\n<p>&nbsp;<\/p>\n<p><span style=\"font-weight: 400;\">Com tudo isso, \u00e9 natural que voc\u00ea tenha d\u00favidas, lojista! Afinal, <\/span><b>como garantir o frete em tempos de coronav\u00edrus<\/b><span style=\"font-weight: 400;\">? Por isso, n\u00f3s separamos algumas dicas. Confira!<\/span><\/p>\n<h2><span style=\"font-weight: 400;\">5 dicas para o frete em tempos de coronav\u00edrus<\/span><\/h2>\n<h3><span style=\"font-weight: 400;\">1- Adote medidas de higiene<\/span><\/h3>\n<p><span style=\"font-weight: 400;\">Um estudo de uma importante revista cient\u00edfica, a <\/span><i><span style=\"font-weight: 400;\">New England Journal of Medicine<\/span><\/i><span style=\"font-weight: 400;\">, dos Estados Unidos, revelou <\/span><b>quanto tempo o coronav\u00edrus pode sobreviver em cada superf\u00edcie<\/b><span style=\"font-weight: 400;\">.\u00a0<\/span><\/p>\n<p>&nbsp;<\/p>\n<p><span style=\"font-weight: 400;\">De acordo com a pesquisa, <\/span><b>o v\u00edrus resiste por at\u00e9 3 dias em objetos de pl\u00e1stico e de a\u00e7o inoxid\u00e1vel<\/b><span style=\"font-weight: 400;\">. <\/span><b>J\u00e1 em superf\u00edcies de papel\u00e3o<\/b><span style=\"font-weight: 400;\">, como as caixas que voc\u00ea utiliza para enviar suas mercadorias,<\/span><b> ele n\u00e3o sobrevive por mais de 24h<\/b><span style=\"font-weight: 400;\">.<\/span><\/p>\n<p>&nbsp;<\/p>\n<p><span style=\"font-weight: 400;\">Assim, para conter o avan\u00e7o do v\u00edrus, <\/span><b>o cuidado com a higiene \u00e9 fundamental<\/b><span style=\"font-weight: 400;\">. Para a sua seguran\u00e7a e a de seus clientes, \u00e9 importante que voc\u00ea adote medidas de preven\u00e7\u00e3o.<\/span><\/p>\n<p>&nbsp;<\/p>\n<p><span style=\"font-weight: 400;\">Esses cuidados devem ser tomados <\/span><b>no seu ambiente de trabalho e tamb\u00e9m no manuseio das embalagens<\/b><span style=\"font-weight: 400;\">.<\/span><\/p>\n<p>&nbsp;<\/p>\n<p><span style=\"font-weight: 400;\">O ideal \u00e9 que voc\u00ea mantenha o ambiente arejado, <\/span><b>fa\u00e7a limpeza das superf\u00edcies regularmente<\/b><span style=\"font-weight: 400;\">, utilize \u00e1lcool gel 70% e lave as m\u00e3os constantemente.<\/span><\/p>\n<p>&nbsp;<\/p>\n<p><span style=\"font-weight: 400;\">Especialistas da \u00e1rea da sa\u00fade indicam que <\/span><b>um pano \u00famido com \u00e1gua e sab\u00e3o ou detergente \u00e9 suficiente<\/b><span style=\"font-weight: 400;\"> para a limpeza dos locais. E para desinfetar objetos que chegam da rua, se n\u00e3o tiver \u00e1lcool gel, voc\u00ea pode utilizar uma solu\u00e7\u00e3o de 4 colheres de ch\u00e1 (20 ml) de \u00e1gua sanit\u00e1ria para cada 1 litro de \u00e1gua.<\/span><\/p>\n<p>&nbsp;<\/p>\n<p><span style=\"font-weight: 400;\">Para tranquilizar seus clientes, pode ser interessante que voc\u00ea <\/span><b>divulgue em suas redes sociais as medidas que est\u00e1 adotando <\/b><span style=\"font-weight: 400;\">para manter tudo limpo em sua loja. Assim eles ter\u00e3o certeza do seu cuidado e, provavelmente, v\u00e3o se sentir mais seguros ao realizar uma compra, n\u00e3o \u00e9 verdade?<\/span><\/p>\n<p>&nbsp;<\/p>\n<p><span style=\"font-weight: 400;\">Vale a pena tamb\u00e9m <\/span><b>orientar os seus clientes sobre os cuidados que devem ser tomados<\/b><span style=\"font-weight: 400;\"> ao receber a mercadoria em casa. Afinal, por mais que voc\u00ea seja cuidadoso, a encomenda faz um percurso at\u00e9 chegar ao destino.<\/span><\/p>\n<p>&nbsp;<\/p>\n<p><span style=\"font-weight: 400;\">Voc\u00ea pode fazer isso <\/span><b>afixando uma mensagem na parte externa da embalagem<\/b><span style=\"font-weight: 400;\"> ou enviando um <\/span><a href=\"https:\/\/blog.melhorenvio.com.br\/e-mail-marketing-para-e-commerce\/\" rel=\"nofollow noopener\" target=\"_blank\"><span style=\"font-weight: 400;\">e-mail<\/span><\/a><span style=\"font-weight: 400;\">.<\/span><\/p>\n<p>&nbsp;<\/p>\n<p><span style=\"font-weight: 400;\">Quer saber mais sobre como trabalhar durante a pandemia de coronav\u00edrus? Ent\u00e3o confira este artigo com <\/span><a href=\"https:\/\/blog.melhorenvio.com.br\/coronavirus-dicas-para-continuar-vendendo-com-seguranca\/#5_Pense_em_como_proteger_os_seus_pacotes_do_coronavirus\" rel=\"nofollow noopener\" target=\"_blank\"><span style=\"font-weight: 400;\">8 dicas para continuar vendendo com seguran\u00e7a<\/span><\/a><span style=\"font-weight: 400;\">!<\/span><\/p>\n<h3><span style=\"font-weight: 400;\">2- Aumente o prazo de entrega<\/span><\/h3>\n<p><span style=\"font-weight: 400;\">Desde o in\u00edcio da pandemia, empresas de transporte j\u00e1 informaram o <\/span><b>acr\u00e9scimo de alguns dias no prazo de entrega das encomendas<\/b><span style=\"font-weight: 400;\">. Os Correios, por exemplo, adicionaram 3 dias na previs\u00e3o para todo\u00a0 o Brasil, e 5 dias para o estado de Santa Catarina.<\/span><\/p>\n<p>&nbsp;<\/p>\n<p><span style=\"font-weight: 400;\">Essa medida foi necess\u00e1ria <\/span><b>por conta de problemas de restri\u00e7\u00e3o de entregas<\/b><span style=\"font-weight: 400;\">, como bloqueios de cidades ou fechamento de com\u00e9rcios locais. Al\u00e9m da necessidade de fechamento de ag\u00eancias, em alguns casos, para prote\u00e7\u00e3o de funcion\u00e1rios do grupo de risco do coronav\u00edrus.<\/span><\/p>\n<p>&nbsp;<\/p>\n<p><span style=\"font-weight: 400;\">Por isso, uma dica \u00e9 voc\u00ea tamb\u00e9m aumentar o tempo previsto informado para os clientes da sua loja. Assim, vai <\/span><b>apresentar uma estimativa mais realista e diminuir as chances de atraso<\/b><span style=\"font-weight: 400;\">.<\/span><\/p>\n<p>&nbsp;<\/p>\n<p><span style=\"font-weight: 400;\">Se antecipando ao problema e dando um prazo maior, voc\u00ea pode <\/span><b>evitar cancelamentos de compras ou reclama\u00e7\u00f5es<\/b><span style=\"font-weight: 400;\"> por causa da demora.<\/span><\/p>\n<h3><span style=\"font-weight: 400;\">3- Se mantenha bem informado<\/span><\/h3>\n<p><span style=\"font-weight: 400;\">Para tomar as melhores decis\u00f5es para o seu neg\u00f3cio, \u00e9 importante que voc\u00ea <\/span><b>esteja ciente do cen\u00e1rio atual<\/b><span style=\"font-weight: 400;\">.\u00a0<\/span><\/p>\n<p>&nbsp;<\/p>\n<p><span style=\"font-weight: 400;\">Se informe diariamente sobre as medidas que est\u00e3o sendo tomadas pelos governos para conten\u00e7\u00e3o da pandemia e como elas podem afetar o e-commerce.<\/span><\/p>\n<p>&nbsp;<\/p>\n<p><span style=\"font-weight: 400;\">Mas lembre de <\/span><b>procurar sempre fontes oficiais<\/b><span style=\"font-weight: 400;\">, como ag\u00eancias de not\u00edcias do governo federal, por exemplo. Ou ent\u00e3o, ve\u00edculos de comunica\u00e7\u00e3o de sua prefer\u00eancia.<\/span><\/p>\n<p>&nbsp;<\/p>\n<p><span style=\"font-weight: 400;\">Uma dica \u00e9 <\/span><b>sempre checar informa\u00e7\u00f5es recebidas por mensagem<\/b><span style=\"font-weight: 400;\"> no celular. Hoje em dia, existem muitas ag\u00eancias de checagem de not\u00edcias. E com uma simples busca no <\/span><i><span style=\"font-weight: 400;\">Google <\/span><\/i><span style=\"font-weight: 400;\">voc\u00ea pode tirar a d\u00favida.<\/span><\/p>\n<p>&nbsp;<\/p>\n<p><span style=\"font-weight: 400;\">H\u00e1 tamb\u00e9m <\/span><b>sites e blogs especializados em com\u00e9rcio eletr\u00f4nico<\/b><span style=\"font-weight: 400;\"> que est\u00e3o produzindo conte\u00fado espec\u00edfico para auxiliar voc\u00ea lojista neste momento.<\/span><\/p>\n<p>&nbsp;<\/p>\n<p><span style=\"font-weight: 400;\">Procure ainda saber sobre o <\/span><b>funcionamento das transportadoras que voc\u00ea utiliza <\/b><span style=\"font-weight: 400;\">para enviar suas encomendas. Algumas est\u00e3o trabalhando em hor\u00e1rios reduzidos ou atendendo de forma diferenciada oferecendo at\u00e9 mesmo coleta em domic\u00edlio.<\/span><\/p>\n<p>&nbsp;<\/p>\n<p><span style=\"font-weight: 400;\">Ent\u00e3o, antes de sair de casa para fazer suas postagens, \u00e9 indicado que voc\u00ea veja como deve proceder.<\/span><\/p>\n<p>&nbsp;<\/p>\n<p><span style=\"font-weight: 400;\">Se voc\u00ea quiser saber mais sobre o assunto, sugerimos tamb\u00e9m a leitura deste outro artigo exclusivo com <\/span><a href=\"https:\/\/blog.melhorenvio.com.br\/como-garantir-o-frete-de-seus-produtos-em-tempos-de-coronavirus\/\" rel=\"nofollow noopener\" target=\"_blank\"><span style=\"font-weight: 400;\">dicas para despachar suas mercadorias durante o Covid-19<\/span><\/a><span style=\"font-weight: 400;\">.<\/span><\/p>\n<h3><span style=\"font-weight: 400;\">4- Crie campanhas (mas aten\u00e7\u00e3o!)<\/span><\/h3>\n<p><span style=\"font-weight: 400;\">Voc\u00ea j\u00e1 deve ter percebido que, para atrair clientes, <\/span><b>diversos e-commerces est\u00e3o oferecendo frete gr\u00e1tis<\/b><span style=\"font-weight: 400;\">.\u00a0<\/span><\/p>\n<p>&nbsp;<\/p>\n<p><span style=\"font-weight: 400;\">Mas antes de tamb\u00e9m oferecer esse benef\u00edcio ao seu cliente, esteja atento! Porque <\/span><b>esse tipo de campanha exige muito planejamento<\/b><span style=\"font-weight: 400;\">.<\/span><\/p>\n<p>&nbsp;<\/p>\n<p><span style=\"font-weight: 400;\">Afinal, \u00e9 o seu neg\u00f3cio que vai arcar com o custo da entrega. Ent\u00e3o <\/span><b>esteja certo de que o seu or\u00e7amento est\u00e1 preparado<\/b><span style=\"font-weight: 400;\"> e que isso vai ser realmente vantajoso agora.<\/span><\/p>\n<p>&nbsp;<\/p>\n<p><span style=\"font-weight: 400;\">Uma alternativa pode ser oferecer o <\/span><b>frete gr\u00e1tis para produtos espec\u00edficos<\/b><span style=\"font-weight: 400;\">, e n\u00e3o para todo o seu estoque. <\/span><b>Ou ainda,<\/b> <b>para entregas em uma determinada regi\u00e3o<\/b><span style=\"font-weight: 400;\"> que tenha um custo menor para voc\u00ea.<\/span><\/p>\n<p>&nbsp;<\/p>\n<p><span style=\"font-weight: 400;\">Enfim, pense em todos os detalhes com bastante cuidado! <\/span><b>Estude e planeje<\/b> <a href=\"https:\/\/blog.melhorenvio.com.br\/como-e-quando-oferecer-frete-gratis\/?preview=true&amp;_thumbnail_id=2816\" rel=\"nofollow noopener\" target=\"_blank\"><span style=\"font-weight: 400;\">como oferecer o frete gr\u00e1tis<\/span><\/a><span style=\"font-weight: 400;\">.<\/span><\/p>\n<p>&nbsp;<\/p>\n<figure id=\"attachment_45975\" aria-describedby=\"caption-attachment-45975\" style=\"width: 860px\" class=\"wp-caption aligncenter\"><a href=\"https:\/\/bit.ly\/3jU4M2v\" rel=\"nofollow noopener\" target=\"_blank\"><img fetchpriority=\"high\" decoding=\"async\" class=\"size-full wp-image-45975\" src=\"https:\/\/www.iset.com.br\/blog\/wp-content\/uploads\/2017\/10\/logistica-reversa.jpg\" alt=\"\" width=\"860\" height=\"260\" srcset=\"https:\/\/www.iset.com.br\/blog\/wp-content\/uploads\/2017\/10\/logistica-reversa.jpg 860w, https:\/\/www.iset.com.br\/blog\/wp-content\/uploads\/2017\/10\/logistica-reversa-300x91.jpg 300w, https:\/\/www.iset.com.br\/blog\/wp-content\/uploads\/2017\/10\/logistica-reversa-768x232.jpg 768w, https:\/\/www.iset.com.br\/blog\/wp-content\/uploads\/2017\/10\/logistica-reversa-600x181.png 600w, https:\/\/www.iset.com.br\/blog\/wp-content\/uploads\/2017\/10\/logistica-reversa-24x7.png 24w, https:\/\/www.iset.com.br\/blog\/wp-content\/uploads\/2017\/10\/logistica-reversa-36x11.png 36w, https:\/\/www.iset.com.br\/blog\/wp-content\/uploads\/2017\/10\/logistica-reversa-48x15.png 48w\" sizes=\"(max-width: 860px) 100vw, 860px\" \/><\/a><figcaption id=\"caption-attachment-45975\" class=\"wp-caption-text\">Saiba mais sobre o tema e conhe\u00e7a algumas sugest\u00f5es de como desenvolver uma pol\u00edtica de trocas eficiente.<\/figcaption><\/figure>\n<h3><\/h3>\n<h3><span style=\"font-weight: 400;\">5- Busque alternativas de frete<\/span><\/h3>\n<p><span style=\"font-weight: 400;\">O momento que estamos vivendo requer cautela. <\/span><b>S\u00e3o tempos de bastante instabilidade<\/b><span style=\"font-weight: 400;\">, que exigem adapta\u00e7\u00f5es.<\/span><\/p>\n<p><span style=\"font-weight: 400;\">Voc\u00ea quer um exemplo? Muitos varejistas que antes vendiam apenas em lojas f\u00edsicas, se viram obrigados a migrar para o meio online para continuar vendendo.<\/span><\/p>\n<p>&nbsp;<\/p>\n<p><span style=\"font-weight: 400;\">Isso significa que <\/span><b>voc\u00ea lojista deve estar sempre atento e buscando por alternativas<\/b><span style=\"font-weight: 400;\"> para o seu neg\u00f3cio. Principalmente, quando se trata da entrega das suas encomendas.<\/span><\/p>\n<p>&nbsp;<\/p>\n<p><span style=\"font-weight: 400;\">Afinal, <\/span><b>voc\u00ea n\u00e3o pode correr o risco de ficar impossibilitado de enviar as mercadorias<\/b><span style=\"font-weight: 400;\">, seja por causa de altera\u00e7\u00f5es no funcionamento da transportadora ou do pre\u00e7o do frete em tempos de coronav\u00edrus.<\/span><\/p>\n<p>&nbsp;<\/p>\n<p><span style=\"font-weight: 400;\">Nesse caso, a sa\u00edda para voc\u00ea <\/span><b>ampliar as op\u00e7\u00f5es de entrega do seu neg\u00f3cio<\/b><span style=\"font-weight: 400;\"> pode estar em uma <\/span><b>plataforma de gest\u00e3o de fretes<\/b><span style=\"font-weight: 400;\">.<\/span><\/p>\n<p>&nbsp;<\/p>\n<p><span style=\"font-weight: 400;\">Com essa tecnologia, \u00e9 poss\u00edvel fazer <\/span><b>cota\u00e7\u00e3o de entregas simultaneamente com v\u00e1rias transportadoras<\/b><span style=\"font-weight: 400;\">. E assim comparar op\u00e7\u00f5es e escolher a que melhor atende \u00e0s necessidades do seu neg\u00f3cio.<\/span><\/p>\n<p>&nbsp;<\/p>\n<p><span style=\"font-weight: 400;\">E voc\u00ea <\/span><b>faz tudo isso pelo seu computador<\/b><span style=\"font-weight: 400;\">, diretamente em um site, sem precisar sair de casa. O que \u00e9 \u00f3timo, principalmente neste momento!<\/span><\/p>\n<p>&nbsp;<\/p>\n<figure id=\"attachment_46905\" aria-describedby=\"caption-attachment-46905\" style=\"width: 860px\" class=\"wp-caption alignnone\"><a href=\"http:\/\/bit.ly\/35l715h\" rel=\"nofollow noopener\" target=\"_blank\"><img decoding=\"async\" class=\"size-full wp-image-46905\" src=\"https:\/\/www.iset.com.br\/blog\/wp-content\/uploads\/2019\/01\/objetivos-e-estrategias.jpg\" alt=\"\" width=\"860\" height=\"260\" srcset=\"https:\/\/www.iset.com.br\/blog\/wp-content\/uploads\/2019\/01\/objetivos-e-estrategias.jpg 860w, https:\/\/www.iset.com.br\/blog\/wp-content\/uploads\/2019\/01\/objetivos-e-estrategias-300x91.jpg 300w, https:\/\/www.iset.com.br\/blog\/wp-content\/uploads\/2019\/01\/objetivos-e-estrategias-768x232.jpg 768w, https:\/\/www.iset.com.br\/blog\/wp-content\/uploads\/2019\/01\/objetivos-e-estrategias-600x181.png 600w, https:\/\/www.iset.com.br\/blog\/wp-content\/uploads\/2019\/01\/objetivos-e-estrategias-24x7.png 24w, https:\/\/www.iset.com.br\/blog\/wp-content\/uploads\/2019\/01\/objetivos-e-estrategias-36x11.png 36w, https:\/\/www.iset.com.br\/blog\/wp-content\/uploads\/2019\/01\/objetivos-e-estrategias-48x15.png 48w\" sizes=\"(max-width: 860px) 100vw, 860px\" \/><\/a><figcaption id=\"caption-attachment-46905\" class=\"wp-caption-text\">Aprenda a definir objetivos claros para alcan\u00e7ar suas metas de maneira eficiente.<\/figcaption><\/figure>\n<p>&nbsp;<\/p>\n<p><span style=\"font-weight: 400;\">Ficou interessado? Ent\u00e3o <\/span><b>eu te convido a conhecer o <\/b><a href=\"https:\/\/melhorenvio.com.br\/\" rel=\"nofollow noopener\" target=\"_blank\"><b>Melhor Envio<\/b><\/a><span style=\"font-weight: 400;\">!\u00a0<\/span><\/p>\n<p>&nbsp;<\/p>\n<p><span style=\"font-weight: 400;\">Al\u00e9m da cota\u00e7\u00e3o e gera\u00e7\u00e3o de fretes, ele te oferece ferramentas como a calculadora de fretes e o rastreamento de encomendas. E tudo isso <\/span><b>sem mensalidade ou limite m\u00ednimo de envios<\/b><span style=\"font-weight: 400;\">.\u00a0<\/span><\/p>\n<p>&nbsp;<\/p>\n<p><span style=\"font-weight: 400;\">Com o Melhor Envio, voc\u00ea pode <\/span><b>simplificar a log\u00edstica de fretes<\/b><span style=\"font-weight: 400;\"> do seu neg\u00f3cio!<\/span><\/p>\n<p>&nbsp;<\/p>\n<p>N\u00e3o se esque\u00e7a de inscrever em nosso blog. Toda semana temos v\u00e1rios posts com muitas dicas e novidades para fazer o seu neg\u00f3cio ir a mil! Siga a gente em nossas redes sociais\u00a0 tamb\u00e9m:\u00a0\u00a0<a href=\"https:\/\/twitter.com\/isetbr\" target=\"_blank\" rel=\"noopener noreferrer nofollow\" data-saferedirecturl=\"https:\/\/www.google.com\/url?q=https:\/\/twitter.com\/isetbr&amp;source=gmail&amp;ust=1588252485957000&amp;usg=AFQjCNFKEUdswz1JjdT_91cIUbMdm4-Etg\"><b>Twitter<\/b><\/a><b>,\u00a0\u00a0<\/b><a href=\"https:\/\/www.facebook.com\/isetbr\" target=\"_blank\" rel=\"noopener noreferrer nofollow\" data-saferedirecturl=\"https:\/\/www.google.com\/url?q=https:\/\/www.facebook.com\/isetbr&amp;source=gmail&amp;ust=1588252485957000&amp;usg=AFQjCNF5gpD2j9YofFwk6eGlcBGvzmb54g\"><b>Facebook<\/b><\/a><b>,\u00a0\u00a0<\/b><b><a href=\"https:\/\/www.instagram.com\/isetbr\" target=\"_blank\" rel=\"noopener noreferrer nofollow\" data-saferedirecturl=\"https:\/\/www.google.com\/url?q=https:\/\/www.instagram.com\/isetbr&amp;source=gmail&amp;ust=1588252485957000&amp;usg=AFQjCNFbTb4i_ztilFb1X2benxc9pb5YDA\"><wbr \/>Instagram<\/a>,\u00a0<a title=\"https:\/\/www.linkedin.com\/company\/isetbr\/\" href=\"https:\/\/www.linkedin.com\/company\/isetbr\/\" target=\"_blank\" rel=\"noopener noreferrer nofollow\" data-saferedirecturl=\"https:\/\/www.google.com\/url?q=https:\/\/www.linkedin.com\/company\/isetbr\/&amp;source=gmail&amp;ust=1588252485957000&amp;usg=AFQjCNHWTAoJs6SWTJgBUk_wJtp56dFWVg\">LinkedIn<\/a>\u00a0<\/b>e\u00a0<a href=\"https:\/\/www.youtube.com.br\/isetbrasil\" target=\"_blank\" rel=\"noopener noreferrer nofollow\" data-saferedirecturl=\"https:\/\/www.google.com\/url?q=https:\/\/www.youtube.com.br\/isetbrasil&amp;source=gmail&amp;ust=1588252485957000&amp;usg=AFQjCNEohQ6p9oIE6lfTdVQMgpG-4r1cXg\"><b>YouTube<\/b><\/a><b>.<\/b><wbr \/><\/p>\n<p><i><span style=\"font-weight: 400;\">Por Gabriela Voigt | Melhor Envio<\/span><\/i><\/p>\n","protected":false},"excerpt":{"rendered":"<p>Uma das principais d\u00favidas de quem vende online, neste momento, deve ser essa: como fazer uma gest\u00e3o eficiente de frete em tempos de coronav\u00edrus? &nbsp; Esse questionamento se torna ainda mais forte diante da necessidade de isolamento social causada pela pandemia, j\u00e1 que as compras pela internet surgiram como alternativa para atender a popula\u00e7\u00e3o. &nbsp; [&hellip;]<\/p>\n","protected":false},"author":8,"featured_media":49453,"comment_status":"closed","ping_status":"open","sticky":false,"template":"","format":"standard","meta":{"footnotes":""},"categories":[8,227,441],"tags":[1173,1174,39,48,348,21,1150],"class_list":["post-49452","post","type-post","status-publish","format-standard","has-post-thumbnail","hentry","category-dicas-de-ecommerce","category-gestao-e-negocios","category-conteudos-de-parceiros","tag-coronavirus","tag-covid-19","tag-e-commerce","tag-frete","tag-logistica","tag-loja-virtual","tag-sistema-de-logistica"],"_links":{"self":[{"href":"https:\/\/www.iset.com.br\/blog\/wp-json\/wp\/v2\/posts\/49452","targetHints":{"allow":["GET"]}}],"collection":[{"href":"https:\/\/www.iset.com.br\/blog\/wp-json\/wp\/v2\/posts"}],"about":[{"href":"https:\/\/www.iset.com.br\/blog\/wp-json\/wp\/v2\/types\/post"}],"author":[{"embeddable":true,"href":"https:\/\/www.iset.com.br\/blog\/wp-json\/wp\/v2\/users\/8"}],"replies":[{"embeddable":true,"href":"https:\/\/www.iset.com.br\/blog\/wp-json\/wp\/v2\/comments?post=49452"}],"version-history":[{"count":2,"href":"https:\/\/www.iset.com.br\/blog\/wp-json\/wp\/v2\/posts\/49452\/revisions"}],"predecessor-version":[{"id":51557,"href":"https:\/\/www.iset.com.br\/blog\/wp-json\/wp\/v2\/posts\/49452\/revisions\/51557"}],"wp:featuredmedia":[{"embeddable":true,"href":"https:\/\/www.iset.com.br\/blog\/wp-json\/wp\/v2\/media\/49453"}],"wp:attachment":[{"href":"https:\/\/www.iset.com.br\/blog\/wp-json\/wp\/v2\/media?parent=49452"}],"wp:term":[{"taxonomy":"category","embeddable":true,"href":"https:\/\/www.iset.com.br\/blog\/wp-json\/wp\/v2\/categories?post=49452"},{"taxonomy":"post_tag","embeddable":true,"href":"https:\/\/www.iset.com.br\/blog\/wp-json\/wp\/v2\/tags?post=49452"}],"curies":[{"name":"wp","href":"https:\/\/api.w.org\/{rel}","templated":true}]}}