{"id":46988,"date":"2019-02-20T17:13:09","date_gmt":"2019-02-20T20:13:09","guid":{"rendered":"http:\/\/blog.iset.com.br\/?p=46988"},"modified":"2021-09-02T16:21:32","modified_gmt":"2021-09-02T19:21:32","slug":"gerenciar-anuncios-redes-sociais","status":"publish","type":"post","link":"https:\/\/www.iset.com.br\/blog\/gerenciar-anuncios-redes-sociais\/","title":{"rendered":"8 dicas para gerenciar an\u00fancios nas redes sociais"},"content":{"rendered":"<p><span style=\"font-weight: 400;\">Um adulto gasta em m\u00e9dia pelo menos 2 horas e meia por dia acessando as <\/span><span style=\"font-weight: 400;\">redes sociais<\/span><span style=\"font-weight: 400;\">. Se voc\u00ea \u00e9 dono de uma pequena empresa, essa informa\u00e7\u00e3o \u00e9 particularmente <\/span><b>importante<\/b><span style=\"font-weight: 400;\">.<\/span><\/p>\n<p>&nbsp;<\/p>\n<p><span style=\"font-weight: 400;\">Quatorze anos ap\u00f3s o Facebook ser lan\u00e7ado como uma <\/span><span style=\"font-weight: 400;\">rede social<\/span><span style=\"font-weight: 400;\"> depois de ter sido criado num quarto em Harvard, as m\u00eddias sociais se tornaram um <\/span><b>marco na nossa sociedade <\/b><span style=\"font-weight: 400;\">e em nossa vida cotidiana.<\/span><\/p>\n<p>&nbsp;<\/p>\n<p><span style=\"font-weight: 400;\">Alguns especialistas dizem que se voc\u00ea fizer um post em cada <\/span><span style=\"font-weight: 400;\">rede social<\/span><span style=\"font-weight: 400;\"> dispon\u00edvel no mundo, voc\u00ea gastar\u00e1 todo o seu tempo do dia postando conte\u00fado.<\/span><\/p>\n<p>&nbsp;<\/p>\n<p><span style=\"font-weight: 400;\">\u00c9 importante que sua pequena empresa tenha <\/span><b>presen\u00e7a nas <\/b><b>redes sociais<\/b> <span style=\"font-weight: 400;\">mais relevantes para o seu neg\u00f3cio, ou at\u00e9 mesmo naquelas que voc\u00ea, o seu p\u00fablico-alvo ou sua persona est\u00e1 mais presente, como Facebook, Twitter, LinkedIn, Instagram, Pinterest entre outros. Mas se voc\u00ea tentou crescer nessas <\/span><span style=\"font-weight: 400;\">redes sociais<\/span><span style=\"font-weight: 400;\">, sabe muito bem que <\/span><b>n\u00e3o \u00e9 t\u00e3o f\u00e1cil quanto parece.<\/b><\/p>\n<p>&nbsp;<\/p>\n<figure id=\"attachment_46906\" aria-describedby=\"caption-attachment-46906\" style=\"width: 860px\" class=\"wp-caption alignnone\"><a href=\"http:\/\/bit.ly\/324bXK4\" rel=\"nofollow noopener\" target=\"_blank\"><img fetchpriority=\"high\" decoding=\"async\" class=\"size-full wp-image-46906\" src=\"https:\/\/www.iset.com.br\/blog\/wp-content\/uploads\/2019\/01\/loja-virtual-bombar-instagram.jpg\" alt=\"\" width=\"860\" height=\"260\" srcset=\"https:\/\/www.iset.com.br\/blog\/wp-content\/uploads\/2019\/01\/loja-virtual-bombar-instagram.jpg 860w, https:\/\/www.iset.com.br\/blog\/wp-content\/uploads\/2019\/01\/loja-virtual-bombar-instagram-300x91.jpg 300w, https:\/\/www.iset.com.br\/blog\/wp-content\/uploads\/2019\/01\/loja-virtual-bombar-instagram-768x232.jpg 768w, https:\/\/www.iset.com.br\/blog\/wp-content\/uploads\/2019\/01\/loja-virtual-bombar-instagram-600x181.png 600w, https:\/\/www.iset.com.br\/blog\/wp-content\/uploads\/2019\/01\/loja-virtual-bombar-instagram-24x7.png 24w, https:\/\/www.iset.com.br\/blog\/wp-content\/uploads\/2019\/01\/loja-virtual-bombar-instagram-36x11.png 36w, https:\/\/www.iset.com.br\/blog\/wp-content\/uploads\/2019\/01\/loja-virtual-bombar-instagram-48x15.png 48w\" sizes=\"(max-width: 860px) 100vw, 860px\" \/><\/a><figcaption id=\"caption-attachment-46906\" class=\"wp-caption-text\">Quer descobrir como fazer sua loja virtual bombar em vendas no Instagram? Ent\u00e3o, confira nossas dicas!<\/figcaption><\/figure>\n<p><span style=\"font-weight: 400;\">A<\/span><b> publicidade em <\/b><b>redes sociais<\/b> <span style=\"font-weight: 400;\">ajuda voc\u00ea a obter mais retorno do seu investimento em marketing, ao mesmo tempo que reduz a quantidade de tempo que voc\u00ea tem que gastar nas m\u00eddias sociais. Embora essa seja uma pr\u00e1tica de marketing padr\u00e3o para empresas maiores, a maioria dos propriet\u00e1rios de pequenas empresas n\u00e3o sabe realmente como usar as <\/span><span style=\"font-weight: 400;\">redes sociais<\/span><span style=\"font-weight: 400;\"> para anunciar.<\/span><\/p>\n<p>&nbsp;<\/p>\n<p><span style=\"font-weight: 400;\">\u00c9 aqui que entra objetivo do conte\u00fado de hoje.<\/span><\/p>\n<p>&nbsp;<\/p>\n<p><span style=\"font-weight: 400;\">Neste guia, voc\u00ea encontrar\u00e1 as etapas, as solu\u00e7\u00f5es e as metas para ajudar a <\/span><b>maximizar seus lucros de <\/b><b>rede social<\/b><b> com publicidade<\/b><span style=\"font-weight: 400;\"> &#8211; mesmo com um or\u00e7amento para pequenas empresas<\/span><\/p>\n<h2><span style=\"font-weight: 400;\">1. Entenda o objetivo da campanha<\/span><\/h2>\n<p><span style=\"font-weight: 400;\">O primeiro passo \u00e9 colaborar com sua equipe nos detalhes da campanha.\u00a0Voc\u00ea est\u00e1 promovendo um evento? Voc\u00ea est\u00e1 vendendo algum produto ou servi\u00e7o?\u00a0Voc\u00ea est\u00e1 oferecendo um novo e-book\u00a0ou download?\u00a0Talvez voc\u00ea esteja trabalhando em uma campanha de doa\u00e7\u00e3o social com um parceiro sem fins lucrativos. Seja qual for a campanha, entenda o <\/span><b>objetivo final.<\/b><span style=\"font-weight: 400;\">\u00a0Qual a\u00e7\u00e3o voc\u00ea deseja que o usu\u00e1rio ou o seguidor fa\u00e7a quando visualizar seu an\u00fancio?\u00a0O objetivo \u00e9 claramente articulado, embora ainda seja divertido, am\u00e1vel e digno de compartilhar?\u00a0Como voc\u00ea medir\u00e1 a efic\u00e1cia da campanha?<\/span><\/p>\n<p>&nbsp;<\/p>\n<p><span style=\"font-weight: 400;\">Pregue esses <\/span><b>detalhes importantes<\/b><span style=\"font-weight: 400;\"> primeiro para ter uma ideia clara de onde voc\u00ea est\u00e1 indo.<\/span><\/p>\n<p>&nbsp;<\/p>\n<figure id=\"attachment_47386\" aria-describedby=\"caption-attachment-47386\" style=\"width: 860px\" class=\"wp-caption aligncenter\"><a href=\"http:\/\/bit.ly\/303X219\" rel=\"nofollow noopener\" target=\"_blank\"><img decoding=\"async\" class=\"size-full wp-image-47386\" src=\"https:\/\/www.iset.com.br\/blog\/wp-content\/uploads\/2019\/06\/cta-marketing-digital.jpg\" alt=\"\" width=\"860\" height=\"260\" srcset=\"https:\/\/www.iset.com.br\/blog\/wp-content\/uploads\/2019\/06\/cta-marketing-digital.jpg 860w, https:\/\/www.iset.com.br\/blog\/wp-content\/uploads\/2019\/06\/cta-marketing-digital-300x91.jpg 300w, https:\/\/www.iset.com.br\/blog\/wp-content\/uploads\/2019\/06\/cta-marketing-digital-768x232.jpg 768w, https:\/\/www.iset.com.br\/blog\/wp-content\/uploads\/2019\/06\/cta-marketing-digital-600x181.png 600w, https:\/\/www.iset.com.br\/blog\/wp-content\/uploads\/2019\/06\/cta-marketing-digital-24x7.png 24w, https:\/\/www.iset.com.br\/blog\/wp-content\/uploads\/2019\/06\/cta-marketing-digital-36x11.png 36w, https:\/\/www.iset.com.br\/blog\/wp-content\/uploads\/2019\/06\/cta-marketing-digital-48x15.png 48w\" sizes=\"(max-width: 860px) 100vw, 860px\" \/><\/a><figcaption id=\"caption-attachment-47386\" class=\"wp-caption-text\">Voc\u00ea sabe exatamente o que \u00e9 marketing digital, como ele funciona e quais os seus benef\u00edcios para seu e-commerce? Leia nosso post para aprender tudo sobre o assunto<\/figcaption><\/figure>\n<h2><span style=\"font-weight: 400;\">2. Decida como promover a campanha em cada canal.<\/span><\/h2>\n<p><span style=\"font-weight: 400;\">Agora \u00e9 hora de decidir que tipo de conte\u00fado voc\u00ea precisar\u00e1 para cada canal de <\/span><span style=\"font-weight: 400;\">rede social<\/span><span style=\"font-weight: 400;\">.\u00a0Voc\u00ea pode querer criar um pequeno v\u00eddeo para o Facebook e o\u00a0Instagram.\u00a0Um evento no Facebook precisar\u00e1 de uma imagem de banner especial.\u00a0Voc\u00ea tamb\u00e9m pode precisar criar imagens para o Twitter e o Pinterest.\u00a0<\/span><b>Entender o prop\u00f3sito de cada canal<\/b><span style=\"font-weight: 400;\"> \u00e9 fundamental para que essa etapa funcione.<\/span><\/p>\n<p>&nbsp;<\/p>\n<p><span style=\"font-weight: 400;\">A <\/span><b>publicidade nas <\/b><b>redes sociais<\/b><span style=\"font-weight: 400;\"> \u00e9 fundamental se voc\u00ea deseja que as pessoas vejam e interajam com suas postagens.\u00a0Se voc\u00ea ainda n\u00e3o come\u00e7ou a usar as ferramentas de publicidade nativas em cada canal de <\/span><span style=\"font-weight: 400;\">rede social<\/span><span style=\"font-weight: 400;\">, comece com apenas um canal e experimente para descobrir o que funciona melhor para seu p\u00fablico e seu conte\u00fado.<\/span><\/p>\n<p>&nbsp;<\/p>\n<p><span style=\"font-weight: 400;\">Quando terminar o planejamento, siga para o pr\u00f3ximo passo!<\/span><\/p>\n<p>&nbsp;<\/p>\n<figure id=\"attachment_47372\" aria-describedby=\"caption-attachment-47372\" style=\"width: 860px\" class=\"wp-caption aligncenter\"><a href=\"http:\/\/bit.ly\/302m293\" rel=\"nofollow noopener\" target=\"_blank\"><img decoding=\"async\" class=\"size-full wp-image-47372\" src=\"https:\/\/www.iset.com.br\/blog\/wp-content\/uploads\/2019\/08\/cta-planejamento-estrategico.jpg\" alt=\"\" width=\"860\" height=\"260\" srcset=\"https:\/\/www.iset.com.br\/blog\/wp-content\/uploads\/2019\/08\/cta-planejamento-estrategico.jpg 860w, https:\/\/www.iset.com.br\/blog\/wp-content\/uploads\/2019\/08\/cta-planejamento-estrategico-300x91.jpg 300w, https:\/\/www.iset.com.br\/blog\/wp-content\/uploads\/2019\/08\/cta-planejamento-estrategico-768x232.jpg 768w, https:\/\/www.iset.com.br\/blog\/wp-content\/uploads\/2019\/08\/cta-planejamento-estrategico-600x181.png 600w, https:\/\/www.iset.com.br\/blog\/wp-content\/uploads\/2019\/08\/cta-planejamento-estrategico-24x7.png 24w, https:\/\/www.iset.com.br\/blog\/wp-content\/uploads\/2019\/08\/cta-planejamento-estrategico-36x11.png 36w, https:\/\/www.iset.com.br\/blog\/wp-content\/uploads\/2019\/08\/cta-planejamento-estrategico-48x15.png 48w\" sizes=\"(max-width: 860px) 100vw, 860px\" \/><\/a><figcaption id=\"caption-attachment-47372\" class=\"wp-caption-text\">Neste post, veja 7 dicas para come\u00e7ar o planejamento do seu neg\u00f3cio e faz\u00ea-lo crescer.<\/figcaption><\/figure>\n<h2><span style=\"font-weight: 400;\">3. Crie um calend\u00e1rio de conte\u00fado para a\u00a0semana \/ m\u00eas.\u00a0<\/span><\/h2>\n<p><span style=\"font-weight: 400;\">A pr\u00f3xima parte do processo de planejamento \u00e9, na verdade, tra\u00e7ar sua programa\u00e7\u00e3o em um calend\u00e1rio.\u00a0Que dias da semana e hor\u00e1rios voc\u00ea postar\u00e1 conte\u00fado em seus canais sociais?\u00a0Que mensagem e c\u00f3pia criativa voc\u00ea usar\u00e1 para <\/span><a href=\"http:\/\/bit.ly\/2Ng8L7d\" rel=\"nofollow noopener\" target=\"_blank\"><b>gerar engajamento<\/b><\/a><span style=\"font-weight: 400;\">?\u00a0Voc\u00ea pode definir um resumo b\u00e1sico de como cada dia se parece para a semana ou m\u00eas da promo\u00e7\u00e3o em um modelo de calend\u00e1rio, como o exemplo abaixo de uma de nossas campanhas.<\/span><\/p>\n<p>&nbsp;<\/p>\n<p><span style=\"font-weight: 400;\">Cada dia tem 1-2 posts especiais para a campanha em diferentes canais.<\/span><\/p>\n<h2><span style=\"font-weight: 400;\">4. Crie conte\u00fado visual de suporte.<\/span><\/h2>\n<p><span style=\"font-weight: 400;\">Agora \u00e9 hora de criar todos os componentes visuais que voc\u00ea planejou nas etapas 2 e 3. Voc\u00ea n\u00e3o precisa contratar um designer gr\u00e1fico para criar imagens realmente divertidas e envolventes. Meu editor de imagens favorito pessoal \u00e9 o <\/span><a href=\"https:\/\/www.canva.com\/pt_br\" rel=\"nofollow noopener\" target=\"_blank\"><b>Canva<\/b><\/a><span style=\"font-weight: 400;\">\u00a0para criar imagens r\u00e1pidas e f\u00e1ceis com texto.<\/span><\/p>\n<p>&nbsp;<\/p>\n<p>O <strong><a href=\"https:\/\/spark.adobe.com\/pt-BR\/make\/advertisement-maker\/\" rel=\"nofollow noopener\" target=\"_blank\">Adobe Spark<\/a><\/strong> \u00e9 um \u00f3timo software de design porque ele n\u00e3o exige que voc\u00ea tenha tanto conhecimento em design gr\u00e1fico. Dentro do <a href=\"https:\/\/spark.adobe.com\/pt-BR\/\" rel=\"nofollow noopener\" target=\"_blank\"><strong>Adobe Spark<\/strong><\/a> existem 3 tipos de ferramentas: o <strong>Adobe Spark Post<\/strong>, <strong>Adobe Spark Page<\/strong> e o<strong> Adobe Spark Video<\/strong>. Eles foram criados, respectivamente, para te ajudar a criar imagens chamativas para an\u00fancios em redes sociais, criar p\u00e1ginas web de maneira simples e r\u00e1pida e criar v\u00eddeos curtos e impressionantes. Tudo isso, de maneira bem simples e intuitiva.<\/p>\n<p>&nbsp;<\/p>\n<p><span style=\"font-weight: 400;\">Outra boa ferramenta \u00e9 o\u00a0<\/span><a href=\"https:\/\/www.designwizard.com\" rel=\"nofollow noopener\" target=\"_blank\"><b>Design Wizard<\/b><\/a><span style=\"font-weight: 400;\">.\u00a0\u00c9 um novo software de design gr\u00e1fico que permite criar uma imagem personalizada em segundos.\u00a0Tem mais de 1 milh\u00e3o de imagens de alta qualidade em sua biblioteca e milhares de modelos.\u00a0<\/span><\/p>\n<h2><span style=\"font-weight: 400;\">5. Agendar postagens.<\/span><\/h2>\n<p><span style=\"font-weight: 400;\">Chegou o momento de agendar suas publica\u00e7\u00f5es!\u00a0Voc\u00ea j\u00e1 possui um <\/span><a href=\"http:\/\/bit.ly\/2Non9e1\" rel=\"nofollow noopener\" target=\"_blank\"><span style=\"font-weight: 400;\">planejamento<\/span><\/a><span style=\"font-weight: 400;\">.\u00a0J\u00e1 tem um calend\u00e1rio.\u00a0Criou um conte\u00fado incr\u00edvel.\u00a0Agora voc\u00ea j\u00e1 est\u00e1 pronto para juntar tudo isso e usar uma <\/span><b>ferramenta de agendamento para <\/b><b>rede social<\/b><span style=\"font-weight: 400;\">.\u00a0O <\/span><a href=\"https:\/\/hootsuite.com\/pt\/\" rel=\"nofollow noopener\" target=\"_blank\"><b>Hootsuite<\/b><\/a><span style=\"font-weight: 400;\"> \u00e9 uma ferramenta que pode te ajudar com isso, assim como o\u00a0<\/span><a href=\"https:\/\/www.buffer.com\" rel=\"nofollow noopener\" target=\"_blank\"><b>Buffer<\/b><\/a><span style=\"font-weight: 400;\"> que tamb\u00e9m \u00e9 uma excelente op\u00e7\u00e3o.\u00a0<\/span><\/p>\n<h2><span style=\"font-weight: 400;\">6. Monitore e responda.<\/span><\/h2>\n<p><span style=\"font-weight: 400;\">N\u00e3o basta preparar toda a campanha e esquec\u00ea-la de lado!\u00a0Isso n\u00e3o \u00e9 uma Air Fryer.\u00a0Esta \u00e9 uma m\u00e1quina de <\/span><span style=\"font-weight: 400;\">rede social<\/span><span style=\"font-weight: 400;\"> bem estruturada, por\u00e9m, embora possa estar funcionando aparentemente sem problemas, voc\u00ea ainda precisa <\/span><b>aprimor\u00e1-la continuamente.<\/b><\/p>\n<p>&nbsp;<\/p>\n<p><span style=\"font-weight: 400;\">Sua responsabilidade como gestor de m\u00eddia social da sua empresa \u00e9 simplesmente estar presente em seus perfis.\u00a0Com essas <\/span><b>ferramentas de gerenciamento<\/b><span style=\"font-weight: 400;\"> sobre as quais falamos anteriormente, voc\u00ea pode configurar alertas no seu telefone.\u00a0Dessa forma, se algu\u00e9m comentar seu an\u00fancio no Facebook ou responder um direct pelo Instagram, voc\u00ea poder\u00e1 responder rapidamente.<\/span><\/p>\n<h2><span style=\"font-weight: 400;\">7. Acompanhamento ap\u00f3s o evento ou promo\u00e7\u00e3o, se necess\u00e1rio.<\/span><\/h2>\n<p><span style=\"font-weight: 400;\">Se sua campanha for baseada em um evento ou for o lan\u00e7amento de um novo produto, poder\u00e1 fazer sentido acompanhar as fotos ou uma atualiza\u00e7\u00e3o.\u00a0Se voc\u00ea fez um sorteio ou concurso, postar fotos do vencedor ou <\/span><a href=\"http:\/\/bit.ly\/2Nj4tfj\" rel=\"nofollow noopener\" target=\"_blank\"><b>estat\u00edsticas<\/b><\/a><span style=\"font-weight: 400;\"> sobre quantas pessoas participaram.\u00a0Para um evento, voc\u00ea pode postar fotos do evento com uma recapitula\u00e7\u00e3o.<\/span><\/p>\n<p>&nbsp;<\/p>\n<figure id=\"attachment_45963\" aria-describedby=\"caption-attachment-45963\" style=\"width: 860px\" class=\"wp-caption alignnone\"><a href=\"https:\/\/bit.ly\/3dSjnIi\" rel=\"nofollow noopener\" target=\"_blank\"><img loading=\"lazy\" decoding=\"async\" class=\"size-full wp-image-45963\" src=\"https:\/\/www.iset.com.br\/blog\/wp-content\/uploads\/2017\/08\/indicadores-desempenho.jpg\" alt=\"\" width=\"860\" height=\"260\" srcset=\"https:\/\/www.iset.com.br\/blog\/wp-content\/uploads\/2017\/08\/indicadores-desempenho.jpg 860w, https:\/\/www.iset.com.br\/blog\/wp-content\/uploads\/2017\/08\/indicadores-desempenho-300x91.jpg 300w, https:\/\/www.iset.com.br\/blog\/wp-content\/uploads\/2017\/08\/indicadores-desempenho-768x232.jpg 768w, https:\/\/www.iset.com.br\/blog\/wp-content\/uploads\/2017\/08\/indicadores-desempenho-600x181.png 600w, https:\/\/www.iset.com.br\/blog\/wp-content\/uploads\/2017\/08\/indicadores-desempenho-24x7.png 24w, https:\/\/www.iset.com.br\/blog\/wp-content\/uploads\/2017\/08\/indicadores-desempenho-36x11.png 36w, https:\/\/www.iset.com.br\/blog\/wp-content\/uploads\/2017\/08\/indicadores-desempenho-48x15.png 48w\" sizes=\"(max-width: 860px) 100vw, 860px\" \/><\/a><figcaption id=\"caption-attachment-45963\" class=\"wp-caption-text\">Conhe\u00e7a os 5 indicadores de desempenho mais importantes.<\/figcaption><\/figure>\n<h2><span style=\"font-weight: 400;\">8. Analise e ajuste.\u00a0<\/span><\/h2>\n<p><span style=\"font-weight: 400;\">Reserve algum tempo para <\/span><b>analisar os resultados das campanhas <\/b><span style=\"font-weight: 400;\">e ver o que funcionou e o que n\u00e3o funcionou.\u00a0Talvez todos os seus an\u00fancios programados para manh\u00e3 tenham sido muito bons e seus an\u00fancios no meio da tarde tenham fracassado.\u00a0Ou um tipo de conte\u00fado visual ou de mensagens teve um envolvimento maior que o outro.\u00a0Em seguida, use esse conhecimento para ajustar suas t\u00e1ticas para a pr\u00f3xima campanha.<\/span><\/p>\n<p>&nbsp;<\/p>\n<p><span style=\"font-weight: 400;\">Nem toda campanha de <\/span><span style=\"font-weight: 400;\">rede social<\/span><span style=\"font-weight: 400;\"> ter\u00e1 todas essas etapas, mas \u00e9 uma boa base.\u00a0Sua atividade de m\u00eddia social deve ser totalmente integrada ao seu plano geral de <\/span><a href=\"http:\/\/bit.ly\/2NhSLSm\" rel=\"nofollow noopener\" target=\"_blank\"><b>Inbound Marketing<\/b><\/a><span style=\"font-weight: 400;\">.\u00a0Ou seja, n\u00e3o perca de vista suas metas, sejam elas focadas em mais visitas, mais leads, mais clientes.<\/span><\/p>\n<p>&nbsp;<\/p>\n<p><span style=\"font-weight: 400;\">Gostou do conte\u00fado de hoje? Voc\u00ea faz algo diferente disso que eu disse? Quais s\u00e3o as suas dicas para gerenciar <\/span><span style=\"font-weight: 400;\">redes sociais<\/span><span style=\"font-weight: 400;\">?\u00a0Compartilhe suas ideias geniais nos coment\u00e1rios abaixo!<\/span><\/p>\n<p>&nbsp;<\/p>\n<p>N\u00e3o se esque\u00e7a de inscrever-se em nosso blog para receber nossa newsletter e nos siga em nossas redes sociais para ficar por dentro das novidades:\u00a0<a href=\"https:\/\/www.twitter.com.br\/isetbr\/\" rel=\"nofollow noopener\" target=\"_blank\">Twitter<\/a>,\u00a0<a href=\"https:\/\/www.facebook.com.br\/isetbr\/\" rel=\"nofollow noopener\" target=\"_blank\">Facebook<\/a>,\u00a0<a href=\"https:\/\/www.instagram.com\/isetbr\/\" rel=\"nofollow noopener\" target=\"_blank\">Instagram<\/a>\u00a0e\u00a0<a href=\"https:\/\/www.youtube.com.br\/isetbrasil\/\" rel=\"nofollow noopener\" target=\"_blank\">Youtube<\/a>.<\/p>\n<p>&nbsp;<\/p>\n","protected":false},"excerpt":{"rendered":"<p>Um adulto gasta em m\u00e9dia pelo menos 2 horas e meia por dia acessando as redes sociais. Se voc\u00ea \u00e9 dono de uma pequena empresa, essa informa\u00e7\u00e3o \u00e9 particularmente importante. &nbsp; Quatorze anos ap\u00f3s o Facebook ser lan\u00e7ado como uma rede social depois de ter sido criado num quarto em Harvard, as m\u00eddias sociais se [&hellip;]<\/p>\n","protected":false},"author":4,"featured_media":46989,"comment_status":"closed","ping_status":"open","sticky":false,"template":"","format":"standard","meta":{"footnotes":""},"categories":[8,227,222,443],"tags":[559,558,560,571,566,564,573,568,50,569,567,557,562,448,570,574,253,563,81,572,565,561,33],"class_list":["post-46988","post","type-post","status-publish","format-standard","has-post-thumbnail","hentry","category-dicas-de-ecommerce","category-gestao-e-negocios","category-marketing-digital","category-redes-sociais","tag-ads","tag-anuncios","tag-anuncios-nas-redes-sociais","tag-buffer","tag-calendario-de-conteudo","tag-campanha","tag-campanha-de-rede-social","tag-canva","tag-conversao","tag-design-wizard","tag-engajamento","tag-gerenciamento","tag-gerenciar-anuncios-nas-redes-sociais","tag-gestao","tag-hootsuite","tag-inbound-marketing","tag-lucro","tag-orcamento","tag-planejamento","tag-promocao","tag-promover","tag-publicidade","tag-redes-sociais"],"_links":{"self":[{"href":"https:\/\/www.iset.com.br\/blog\/wp-json\/wp\/v2\/posts\/46988","targetHints":{"allow":["GET"]}}],"collection":[{"href":"https:\/\/www.iset.com.br\/blog\/wp-json\/wp\/v2\/posts"}],"about":[{"href":"https:\/\/www.iset.com.br\/blog\/wp-json\/wp\/v2\/types\/post"}],"author":[{"embeddable":true,"href":"https:\/\/www.iset.com.br\/blog\/wp-json\/wp\/v2\/users\/4"}],"replies":[{"embeddable":true,"href":"https:\/\/www.iset.com.br\/blog\/wp-json\/wp\/v2\/comments?post=46988"}],"version-history":[{"count":10,"href":"https:\/\/www.iset.com.br\/blog\/wp-json\/wp\/v2\/posts\/46988\/revisions"}],"predecessor-version":[{"id":52031,"href":"https:\/\/www.iset.com.br\/blog\/wp-json\/wp\/v2\/posts\/46988\/revisions\/52031"}],"wp:featuredmedia":[{"embeddable":true,"href":"https:\/\/www.iset.com.br\/blog\/wp-json\/wp\/v2\/media\/46989"}],"wp:attachment":[{"href":"https:\/\/www.iset.com.br\/blog\/wp-json\/wp\/v2\/media?parent=46988"}],"wp:term":[{"taxonomy":"category","embeddable":true,"href":"https:\/\/www.iset.com.br\/blog\/wp-json\/wp\/v2\/categories?post=46988"},{"taxonomy":"post_tag","embeddable":true,"href":"https:\/\/www.iset.com.br\/blog\/wp-json\/wp\/v2\/tags?post=46988"}],"curies":[{"name":"wp","href":"https:\/\/api.w.org\/{rel}","templated":true}]}}