{"id":46903,"date":"2019-01-28T18:27:18","date_gmt":"2019-01-28T20:27:18","guid":{"rendered":"http:\/\/blog.iset.com.br\/?p=46903"},"modified":"2021-08-24T11:58:29","modified_gmt":"2021-08-24T14:58:29","slug":"planejamento-estrategico","status":"publish","type":"post","link":"https:\/\/www.iset.com.br\/blog\/planejamento-estrategico\/","title":{"rendered":"Planejamento Estrat\u00e9gico: 7 dicas para se planejar no ano que se inicia"},"content":{"rendered":"<p><span style=\"font-weight: 400;\">Um novo ano chegou, e com ele, muitas coisas novas para aprender, e novos objetivos e metas a serem atingidos com o seu neg\u00f3cio. \u201co ano passado foi um bom ano para meu neg\u00f3cio?\u201d <\/span><span style=\"font-weight: 400;\">&#8211; esta<\/span><span style=\"font-weight: 400;\"> \u00e9 uma das perguntas cruciais que voc\u00ea deve ter em mente. Independente de qualquer resposta, <strong>esse ano\u00a0tem o potencial para ser ainda melhor<\/strong>. <\/span><\/p>\n<p>&nbsp;<\/p>\n<p><span style=\"font-weight: 400;\">Mas, por que fazer um <\/span><strong>planejamento estrat\u00e9gico<\/strong><span style=\"font-weight: 400;\"> para minha loja online, se eu posso simplesmente lidar com as coisas \u00e0 medida que elas forem aparecendo, ou at\u00e9 mesmo apenas definir uma ideia geral de como quero que este ano se desdobre? <\/span><\/p>\n<p>&nbsp;<\/p>\n<p><span style=\"font-weight: 400;\">Porque, apesar de todo planejamento n\u00e3o ser uma forma infal\u00edvel de todos os planos se concretizarem, ele te d\u00e1 uma base muito melhor e mais completa para <strong>alcan\u00e7ar suas metas e objetivos<\/strong>. Acontece que, quando voc\u00ea define estas metas e objetivos, n\u00e3o s\u00f3 voc\u00ea, como tamb\u00e9m sua equipe, ficam motivados e todos os envolvidos acabam ficando mais proativos para realizar esses planos. <\/span><\/p>\n<p>&nbsp;<\/p>\n<p><span style=\"font-weight: 400;\">Ent\u00e3o, \u00e9 hora de pegar o papel e caneta, mesmo que estes sejam apenas figurativamente, e come\u00e7ar a se planejar para tudo que este ano tem para oferecer para o seu e-commerce. N\u00e3o sabe por onde come\u00e7ar?<\/span><\/p>\n<p>&nbsp;<\/p>\n<p><span style=\"font-weight: 400;\">Chegou no post certo!<\/span><\/p>\n<p>&nbsp;<\/p>\n<p><span style=\"font-weight: 400;\">Vem comigo<\/span><span style=\"font-weight: 400;\">, que vou te mostrar <strong>7 dicas para come\u00e7ar <\/strong><\/span><strong>o seu planejamento para o ano que se inicia <\/strong><span style=\"font-weight: 400;\"><strong>e fazer o seu neg\u00f3cio crescer<\/strong>, mesmo que voc\u00ea n\u00e3o tenha o costume de se organizar metodicamente. <\/span><\/p>\n<p>&nbsp;<\/p>\n<p><span style=\"font-weight: 400;\">Vamos l\u00e1?<\/span><\/p>\n<h2>Divida seu ano em duas partes<\/h2>\n<p><span style=\"font-weight: 400;\">Pensar em um ano inteiro, 12 meses inteiros, pode ser um pouco aflitivo, at\u00e9 mesmo para quem j\u00e1 est\u00e1 <strong>acostumado a fazer planejamentos.<\/strong> Mesmo que esse seja o seu caso, n\u00e3o h\u00e1 necessidade de entrar em p\u00e2nico pensando &#8220;Poxa, n\u00e3o sei o que fazer nos \u00faltimos meses do ano, e agora?&#8221;.<\/span><\/p>\n<p>&nbsp;<\/p>\n<p>Foque nos seus objetivos para os seis primeiros meses.<\/p>\n<p>&nbsp;<\/p>\n<figure id=\"attachment_46905\" aria-describedby=\"caption-attachment-46905\" style=\"width: 860px\" class=\"wp-caption alignnone\"><a href=\"https:\/\/bit.ly\/3jR4Hwy\" rel=\"nofollow noopener\" target=\"_blank\"><img fetchpriority=\"high\" decoding=\"async\" class=\"size-full wp-image-46905\" src=\"https:\/\/www.iset.com.br\/blog\/wp-content\/uploads\/2019\/01\/objetivos-e-estrategias.jpg\" alt=\"\" width=\"860\" height=\"260\" srcset=\"https:\/\/www.iset.com.br\/blog\/wp-content\/uploads\/2019\/01\/objetivos-e-estrategias.jpg 860w, https:\/\/www.iset.com.br\/blog\/wp-content\/uploads\/2019\/01\/objetivos-e-estrategias-300x91.jpg 300w, https:\/\/www.iset.com.br\/blog\/wp-content\/uploads\/2019\/01\/objetivos-e-estrategias-768x232.jpg 768w, https:\/\/www.iset.com.br\/blog\/wp-content\/uploads\/2019\/01\/objetivos-e-estrategias-600x181.png 600w, https:\/\/www.iset.com.br\/blog\/wp-content\/uploads\/2019\/01\/objetivos-e-estrategias-24x7.png 24w, https:\/\/www.iset.com.br\/blog\/wp-content\/uploads\/2019\/01\/objetivos-e-estrategias-36x11.png 36w, https:\/\/www.iset.com.br\/blog\/wp-content\/uploads\/2019\/01\/objetivos-e-estrategias-48x15.png 48w\" sizes=\"(max-width: 860px) 100vw, 860px\" \/><\/a><figcaption id=\"caption-attachment-46905\" class=\"wp-caption-text\">Aprenda a definir objetivos claros para alcan\u00e7ar suas metas de maneira eficiente.<\/figcaption><\/figure>\n<p>&nbsp;<\/p>\n<p><span style=\"font-weight: 400;\"><strong>Esboce o que gostaria de alcan\u00e7ar no longo prazo<\/strong> &#8211; ou seja, em um ano inteiro, at\u00e9 mesmo em dois -, mas n\u00e3o precisa desenvolver todas essas ideias do come\u00e7o ao fim desde j\u00e1.<\/span><\/p>\n<p>&nbsp;<\/p>\n<p><span style=\"font-weight: 400;\">Muitas vezes, pequenas ideias para o curto prazo podem afetar de grandes formas como voc\u00ea ir\u00e1 realizar suas ideias para o longo prazo.<\/span><\/p>\n<h2>Adquira um planner\/gerenciador de projetos<\/h2>\n<p><span style=\"font-weight: 400;\">Para saber se todos os seus objetivos e metas est\u00e3o sendo cumpridos ao longo do ano, primeiro voc\u00ea precisa ter esses <strong>objetivos e metas bem definidos<\/strong>.<\/span><\/p>\n<p>&nbsp;<\/p>\n<p><span style=\"font-weight: 400;\">O planner e o gerenciador de projetos, servem para que, daqui alguns meses, voc\u00ea<strong> n\u00e3o perca o foco de sua vis\u00e3o original<\/strong>, nem se esque\u00e7a das metas que definiu no come\u00e7o deste ano. E tudo bem se o seu foco, no meio do caminho, mudou, seja por qualquer motivo. O importante \u00e9 n\u00e3o deixar nenhuma ideia se perder no esquecimento.<\/span><\/p>\n<p>&nbsp;<\/p>\n<p><span style=\"font-weight: 400;\"><strong>Planners<\/strong> comumente s\u00e3o de papel, f\u00edsico, s\u00e3o \u00f3timos para aqueles que preferem ter <strong>acesso \u00e0 suas anota\u00e7\u00f5es em qualquer hora<\/strong>, mesmo estando offline ou sem nenhum dispositivo digital. S\u00e3o mais &#8220;old school&#8221;, mas n\u00e3o saem de moda nunca, porque funcionam t\u00e3o bem quanto seus concorrentes digitais.<\/span><span style=\"font-weight: 400;\"> E, para facilitar sua procura, deixo para voc\u00ea um <strong>download gratuito de um planner em PDF<\/strong>, pronto para ser impresso.<\/span><\/p>\n<p>&nbsp;<\/p>\n<figure id=\"attachment_46911\" aria-describedby=\"caption-attachment-46911\" style=\"width: 860px\" class=\"wp-caption aligncenter\"><a href=\"https:\/\/bit.ly\/33U1XVp\" rel=\"nofollow noopener\" target=\"_blank\"><img decoding=\"async\" class=\"wp-image-46911 size-full\" title=\"planejamento em pdf\" src=\"https:\/\/www.iset.com.br\/blog\/wp-content\/uploads\/2019\/01\/planner-especial.png\" alt=\"\" width=\"860\" height=\"260\" srcset=\"https:\/\/www.iset.com.br\/blog\/wp-content\/uploads\/2019\/01\/planner-especial.png 860w, https:\/\/www.iset.com.br\/blog\/wp-content\/uploads\/2019\/01\/planner-especial-300x91.png 300w, https:\/\/www.iset.com.br\/blog\/wp-content\/uploads\/2019\/01\/planner-especial-768x232.png 768w, https:\/\/www.iset.com.br\/blog\/wp-content\/uploads\/2019\/01\/planner-especial-600x181.png 600w, https:\/\/www.iset.com.br\/blog\/wp-content\/uploads\/2019\/01\/planner-especial-24x7.png 24w, https:\/\/www.iset.com.br\/blog\/wp-content\/uploads\/2019\/01\/planner-especial-36x11.png 36w, https:\/\/www.iset.com.br\/blog\/wp-content\/uploads\/2019\/01\/planner-especial-48x15.png 48w\" sizes=\"(max-width: 860px) 100vw, 860px\" \/><\/a><figcaption id=\"caption-attachment-46911\" class=\"wp-caption-text\">EBOOK &#8211; Planeje o seu ano da melhor maneira poss\u00edvel com este planner exclusivo.<\/figcaption><\/figure>\n<p>&nbsp;<\/p>\n<p><span style=\"font-weight: 400;\">J\u00e1 os <strong>gerenciadores de projetos<\/strong> s\u00e3o, em sua maioria, digitais, e funcionam como um painel para todas as suas ideias e projetos. Al\u00e9m de poder editar e adicionar novas ideias e metas por conta pr\u00f3pria, tem tamb\u00e9m a liberdade de compartilhar e adicionar uma equipe aos seus projetos. <strong>\u00c9 excelente para quem tem uma loja online com s\u00f3cios, parceiros, ou at\u00e9 mesmo colaboradores. <\/strong><\/span><\/p>\n<p>&nbsp;<\/p>\n<p><span style=\"font-weight: 400;\">Por exemplo, o <a href=\"https:\/\/trello.com\/\" target=\"_blank\" rel=\"noopener noreferrer nofollow\"><strong>Trello<\/strong><\/a>\u00a0funciona como uma <strong>lista de afazeres<\/strong>, que voc\u00ea pode adicionar pequenas listas atreladas \u00e0 cada item, e adicionar etiquetas para sinalizar a import\u00e2ncia de cada item e sub-item. Nele, voc\u00ea consegue definir uma \u00e1rea de trabalho para uma equipe, e tamb\u00e9m criar listas privadas. O formato de checklist que est\u00e1 dispon\u00edvel por l\u00e1 tamb\u00e9m <strong>\u00e9 muito \u00fatil para aqueles que n\u00e3o querem se perder no que ainda est\u00e1 pendente<\/strong> e o que j\u00e1 foi conclu\u00eddo. <\/span><\/p>\n<p>&nbsp;<\/p>\n<p><span style=\"font-weight: 400;\">J\u00e1 o <strong><a href=\"https:\/\/asana.com\/pt\" target=\"_blank\" rel=\"noopener noreferrer nofollow\">Asana<\/a><\/strong><\/span><span style=\"font-weight: 400;\">, al\u00e9m de tudo isso acima, conta tamb\u00e9m com um <strong>cronograma nativo<\/strong>, no qual voc\u00ea pode se planejar semanalmente, ou mensalmente, limitando objetivos de datas para voc\u00ea e sua equipe. Tudo isso com integra\u00e7\u00f5es com todos os produtos Google, <strong>facilitando o controle de suas atividades<\/strong>. <\/span><\/p>\n<p>&nbsp;<\/p>\n<p><span style=\"font-weight: 400;\">Ambos os produtos t\u00eam op\u00e7\u00f5es diferentes de planos, com recursos diferenciados para cada tipo de plano, e voc\u00ea pode testar todos os recursos solicitando uma conta de teste gratuitamente.\u00a0<\/span><\/p>\n<p>&nbsp;<\/p>\n<p><span style=\"font-weight: 400;\">Independente de qual for a sua escolha, sempre tenha em mente que deve ser uma coisa em que voc\u00ea esteja confort\u00e1vel em utilizar. <strong>N\u00e3o tem errado, nem certo.<\/strong> S\u00f3 o que funciona, e isso que \u00e9 importante lembrar sempre. <\/span><\/p>\n<h2>Guarde pelo menos um dia inteiro para come\u00e7ar o planejamento estrat\u00e9gico do seu e-commerce<\/h2>\n<p><span style=\"font-weight: 400;\">Quem nunca acabou deixando algo de lado, que parecia ser um pouco menos importante, por causa da correria da vida, n\u00e3o \u00e9 mesmo?! Por isso, voc\u00ea precisa separar, pelo menos, um dia inteiro para focar <\/span><span style=\"font-weight: 400;\">em seu <\/span><strong>planejamento para o novo ano.<\/strong><\/p>\n<p>&nbsp;<\/p>\n<p><span style=\"font-weight: 400;\">Com um papel e uma caneta, bloquinhos de post-its, ou at\u00e9 mesmo um quadro branco. Comece escrevendo todas suas ideias, inspira\u00e7\u00f5es e <strong>tudo relacionado a onde quer chegar<\/strong>. N\u00e3o fique t\u00edmido, nem deixe de colocar algo porque parece &#8220;bobo&#8221;. <strong>Sua pr\u00f3xima grande ideia pode estar em uma dessas anota\u00e7\u00f5es.<\/strong><\/span><\/p>\n<p>&nbsp;<\/p>\n<p><span style=\"font-weight: 400;\">Feito isso, identifique como pode chegar onde quer estar, quais s\u00e3o suas <a href=\"http:\/\/bit.ly\/2GlUrJh\" rel=\"nofollow noopener\" target=\"_blank\">maiores for\u00e7as, e quais suas fraquezas<\/a><\/span><span style=\"font-weight: 400;\">. Dessa forma, voc\u00ea utiliza o que j\u00e1 sabe fazer de melhor, para melhorar o que ainda n\u00e3o aperfei\u00e7oou.<\/span><\/p>\n<h2>Converse com quem j\u00e1 entende do (seu) neg\u00f3cio<\/h2>\n<p><span style=\"font-weight: 400;\">Seja algum parceiro, algu\u00e9m que trabalha com voc\u00ea, ou at\u00e9 mesmo um consultor: As possibilidades s\u00e3o in\u00fameras, e a cada conversa, voc\u00ea entender\u00e1 um pouquinho melhor quais s\u00e3o as ideias que precisam sair do papel no curto-prazo, e quais podem ficar um pouquinho dentro do arm\u00e1rio, amadurecendo. Estas pessoas poder\u00e3o, inclusive, te dar algumas ideias que podem nem ter passado pela sua cabe\u00e7a.<\/span><\/p>\n<p>&nbsp;<\/p>\n<p><span style=\"font-weight: 400;\">Se voc\u00ea j\u00e1 tem uma loja online, n\u00e3o se esque\u00e7a tamb\u00e9m de ler o <strong>feedback dos seus clientes<\/strong>: s\u00e3o as pessoas mais importantes no seu neg\u00f3cio, e s\u00e3o neles que, no fim das contas, voc\u00ea tem que pensar ao planejar novas coisas para sua loja.<\/span><\/p>\n<h2>Decida quais s\u00e3o as ideias que voc\u00ea n\u00e3o quer desistir, e pense em quais precisa evoluir<\/h2>\n<p><span style=\"font-weight: 400;\">Se, mesmo depois do passo anterior, voc\u00ea ainda tem ideias que n\u00e3o quer desistir, pense em como pode <strong>adapt\u00e1-las para as expectativas de seu p\u00fablico<\/strong>. \u00c9 importante que, apesar de tudo, o seu neg\u00f3cio online n\u00e3o seja um trabalho que voc\u00ea n\u00e3o gosta. A sua loja online tem que ser, al\u00e9m de uma fonte de renda, algo que voc\u00ea tenha o maior prazer em dizer que https:\/\/www.iset.com.br\/blog\/wp-content\/uploads\/2023\/05\/estrategias-marketing-semana-consumidor-2500&#215;1440-1-1536&#215;885-1.webpistra.<\/span><\/p>\n<p>&nbsp;<\/p>\n<p><span style=\"font-weight: 400;\">Al\u00e9m disso, pense nos anos a anteriores. Pense no que voc\u00ea menos gostou de fazer, o que voc\u00ea gostaria de n\u00e3o ter que fazer esse ano? Veja se \u00e9 poss\u00edvel que estas coisas sejam tarefas que voc\u00ea n\u00e3o precisa fazer neste ano. E se, no final, elas forem tarefas cruciais para que seu neg\u00f3cio v\u00e1 para frente, estude a possibilidade de <strong>contratar uma pessoa<\/strong> para o seu neg\u00f3cio, que seja <strong>qualificada para fazer estas tarefas<\/strong>.<\/span><\/p>\n<p>&nbsp;<\/p>\n<p><span style=\"font-weight: 400;\">Al\u00e9m disso, sempre h\u00e1 pelo menos uma ideia que \u00e9 a grande sacada da vez, voc\u00ea s\u00f3 precisa evolu\u00ed-la, e, talvez, adapt\u00e1-la ao seu neg\u00f3cio. Identifique essa ideia, e comece a inclu\u00ed-l\u00e1 no seu <\/span><strong>planejamento estrat\u00e9gico<\/strong><span style=\"font-weight: 400;\">. <\/span><\/p>\n<h2>Planeje-se para as grandes datas do ano<\/h2>\n<p><span style=\"font-weight: 400;\">Seja Natal, Dia das Crian\u00e7as, Dia dos Namorados, Black Friday, ou Cyber Monday: n\u00e3o se esque\u00e7a de levar em conta todas essas datas, comemorativas ou n\u00e3o, em seu <\/span><strong>planejamento para o novo ano. <\/strong><span style=\"font-weight: 400;\">Converse com seus fornecedores e todos seus colaboradores. <strong>Planeje o seu estoque<\/strong> para as semanas que antecedem aos dias especiais. Tudo isso serve para n\u00e3o ficar na m\u00e3o durante as \u00e9pocas que o e-commerce mais vende no ano.<\/span><\/p>\n<p>&nbsp;<\/p>\n<figure id=\"attachment_45921\" aria-describedby=\"caption-attachment-45921\" style=\"width: 860px\" class=\"wp-caption aligncenter\"><a href=\"http:\/\/bit.ly\/2S9EdG2\" rel=\"nofollow noopener\" target=\"_blank\"><img decoding=\"async\" class=\"size-full wp-image-45921\" src=\"http:\/\/blog.iset.com.br\/wp-content\/uploads\/2018\/09\/controle-de-estoque.png\" alt=\"\" width=\"860\" height=\"260\" srcset=\"https:\/\/www.iset.com.br\/blog\/wp-content\/uploads\/2018\/09\/controle-de-estoque.png 860w, https:\/\/www.iset.com.br\/blog\/wp-content\/uploads\/2018\/09\/controle-de-estoque-300x91.png 300w, https:\/\/www.iset.com.br\/blog\/wp-content\/uploads\/2018\/09\/controle-de-estoque-768x232.png 768w, https:\/\/www.iset.com.br\/blog\/wp-content\/uploads\/2018\/09\/controle-de-estoque-600x181.png 600w, https:\/\/www.iset.com.br\/blog\/wp-content\/uploads\/2018\/09\/controle-de-estoque-24x7.png 24w, https:\/\/www.iset.com.br\/blog\/wp-content\/uploads\/2018\/09\/controle-de-estoque-36x11.png 36w, https:\/\/www.iset.com.br\/blog\/wp-content\/uploads\/2018\/09\/controle-de-estoque-48x15.png 48w\" sizes=\"(max-width: 860px) 100vw, 860px\" \/><\/a><figcaption id=\"caption-attachment-45921\" class=\"wp-caption-text\">Saiba 7 cuidados essenciais para voc\u00ea conquistar melhores resultados e uma gest\u00e3o aprimorada.<\/figcaption><\/figure>\n<h2>E a \u00faltima dica: desenvolva um plano de comunica\u00e7\u00e3o\/marketing<\/h2>\n<p><span style=\"font-weight: 400;\">Todos sabemos que para vender online, n\u00e3o basta apenas ter estoque <\/span><span style=\"font-weight: 400;\">e boa vontade: as pessoas tem que conhecer a sua loja. Para isso, \u00e9 muito importante estabelecer um <strong>plano de comunica\u00e7\u00e3o e divulga\u00e7\u00e3o da sua loja<\/strong>. Google, Facebook, Twitter e Instagram, seja por onde for, as pessoas tem que te achar.<\/span><\/p>\n<p>&nbsp;<\/p>\n<figure id=\"attachment_47386\" aria-describedby=\"caption-attachment-47386\" style=\"width: 860px\" class=\"wp-caption aligncenter\"><a href=\"http:\/\/bit.ly\/303X219\" rel=\"nofollow noopener\" target=\"_blank\"><img loading=\"lazy\" decoding=\"async\" class=\"size-full wp-image-47386\" src=\"https:\/\/www.iset.com.br\/blog\/wp-content\/uploads\/2019\/06\/cta-marketing-digital.jpg\" alt=\"\" width=\"860\" height=\"260\" srcset=\"https:\/\/www.iset.com.br\/blog\/wp-content\/uploads\/2019\/06\/cta-marketing-digital.jpg 860w, https:\/\/www.iset.com.br\/blog\/wp-content\/uploads\/2019\/06\/cta-marketing-digital-300x91.jpg 300w, https:\/\/www.iset.com.br\/blog\/wp-content\/uploads\/2019\/06\/cta-marketing-digital-768x232.jpg 768w, https:\/\/www.iset.com.br\/blog\/wp-content\/uploads\/2019\/06\/cta-marketing-digital-600x181.png 600w, https:\/\/www.iset.com.br\/blog\/wp-content\/uploads\/2019\/06\/cta-marketing-digital-24x7.png 24w, https:\/\/www.iset.com.br\/blog\/wp-content\/uploads\/2019\/06\/cta-marketing-digital-36x11.png 36w, https:\/\/www.iset.com.br\/blog\/wp-content\/uploads\/2019\/06\/cta-marketing-digital-48x15.png 48w\" sizes=\"(max-width: 860px) 100vw, 860px\" \/><\/a><figcaption id=\"caption-attachment-47386\" class=\"wp-caption-text\">Voc\u00ea sabe exatamente o que \u00e9 marketing digital, como ele funciona e quais os seus benef\u00edcios para seu e-commerce? Leia nosso post para aprender tudo sobre o assunto<\/figcaption><\/figure>\n<p>&nbsp;<\/p>\n<p><span style=\"font-weight: 400;\">Se voc\u00ea ainda n\u00e3o tem, pelo menos, um <a href=\"http:\/\/bit.ly\/2GfTVwb\" rel=\"nofollow noopener\" target=\"_blank\">Facebook<\/a>\u00a0<\/span><span style=\"font-weight: 400;\">para sua loja, <strong>pare tudo que est\u00e1 fazendo e crie um<\/strong>.<\/span><\/p>\n<p>&nbsp;<\/p>\n<p><span style=\"font-weight: 400;\">Converse com profissionais de marketing e comunica\u00e7\u00e3o, e veja qual a melhor forma de <strong>divulgar a sua loja<\/strong>, ter um <strong>melhor posicionamento no Google<\/strong>, e <strong>ter mais seguidores no Instagram<\/strong>.<\/span><\/p>\n<p>&nbsp;<\/p>\n<figure id=\"attachment_46906\" aria-describedby=\"caption-attachment-46906\" style=\"width: 860px\" class=\"wp-caption alignnone\"><a href=\"http:\/\/bit.ly\/324bXK4\" rel=\"nofollow noopener\" target=\"_blank\"><img loading=\"lazy\" decoding=\"async\" class=\"size-full wp-image-46906\" src=\"https:\/\/www.iset.com.br\/blog\/wp-content\/uploads\/2019\/01\/loja-virtual-bombar-instagram.jpg\" alt=\"\" width=\"860\" height=\"260\" srcset=\"https:\/\/www.iset.com.br\/blog\/wp-content\/uploads\/2019\/01\/loja-virtual-bombar-instagram.jpg 860w, https:\/\/www.iset.com.br\/blog\/wp-content\/uploads\/2019\/01\/loja-virtual-bombar-instagram-300x91.jpg 300w, https:\/\/www.iset.com.br\/blog\/wp-content\/uploads\/2019\/01\/loja-virtual-bombar-instagram-768x232.jpg 768w, https:\/\/www.iset.com.br\/blog\/wp-content\/uploads\/2019\/01\/loja-virtual-bombar-instagram-600x181.png 600w, https:\/\/www.iset.com.br\/blog\/wp-content\/uploads\/2019\/01\/loja-virtual-bombar-instagram-24x7.png 24w, https:\/\/www.iset.com.br\/blog\/wp-content\/uploads\/2019\/01\/loja-virtual-bombar-instagram-36x11.png 36w, https:\/\/www.iset.com.br\/blog\/wp-content\/uploads\/2019\/01\/loja-virtual-bombar-instagram-48x15.png 48w\" sizes=\"(max-width: 860px) 100vw, 860px\" \/><\/a><figcaption id=\"caption-attachment-46906\" class=\"wp-caption-text\">Quer descobrir como fazer sua loja virtual bombar em vendas no Instagram? Ent\u00e3o, confira nossas dicas!<\/figcaption><\/figure>\n<p>&nbsp;<\/p>\n<p><span style=\"font-weight: 400;\"><strong>Tenha sempre em um \u00f3timo customer service<\/strong>, afinal, o boca-a-boca \u00e9 uma das ferramentas mais eficazes at\u00e9 hoje, e um <a href=\"http:\/\/bit.ly\/2Gf2Lu1\" rel=\"nofollow noopener\" target=\"_blank\">cliente satisfeito<\/a> \u00e9 um cliente que ir\u00e1 te indicar para todos que conhece. Estes clientes tamb\u00e9m s\u00e3o os mesmos que far\u00e3o postagens em suas redes sociais, divulgando sua marca.<\/span><\/p>\n<p>&nbsp;<\/p>\n<figure id=\"attachment_46763\" aria-describedby=\"caption-attachment-46763\" style=\"width: 860px\" class=\"wp-caption aligncenter\"><a href=\"http:\/\/bit.ly\/2S5OSS0\" rel=\"nofollow noopener\" target=\"_blank\"><img loading=\"lazy\" decoding=\"async\" class=\"size-full wp-image-46763\" src=\"http:\/\/blog.iset.com.br\/wp-content\/uploads\/2015\/06\/fideliza\u00e7\u00e3o.png\" alt=\"\" width=\"860\" height=\"260\" srcset=\"https:\/\/www.iset.com.br\/blog\/wp-content\/uploads\/2015\/06\/fideliza\u00e7\u00e3o.png 860w, https:\/\/www.iset.com.br\/blog\/wp-content\/uploads\/2015\/06\/fideliza\u00e7\u00e3o-300x91.png 300w, https:\/\/www.iset.com.br\/blog\/wp-content\/uploads\/2015\/06\/fideliza\u00e7\u00e3o-768x232.png 768w, https:\/\/www.iset.com.br\/blog\/wp-content\/uploads\/2015\/06\/fideliza\u00e7\u00e3o-600x181.png 600w, https:\/\/www.iset.com.br\/blog\/wp-content\/uploads\/2015\/06\/fideliza\u00e7\u00e3o-24x7.png 24w, https:\/\/www.iset.com.br\/blog\/wp-content\/uploads\/2015\/06\/fideliza\u00e7\u00e3o-36x11.png 36w, https:\/\/www.iset.com.br\/blog\/wp-content\/uploads\/2015\/06\/fideliza\u00e7\u00e3o-48x15.png 48w\" sizes=\"(max-width: 860px) 100vw, 860px\" \/><\/a><figcaption id=\"caption-attachment-46763\" class=\"wp-caption-text\">Preparamos 5 estrat\u00e9gias para atrair e fidelizar os consumidores. N\u00e3o perca!<\/figcaption><\/figure>\n<p>&nbsp;<\/p>\n<p><span style=\"font-weight: 400;\">Depois dessas 7 dicas, <strong>voc\u00ea est\u00e1 pronto para fazer esse ano ser o seu melhor ano<\/strong> at\u00e9 agora. Seja criativo, construa sua vis\u00e3o para o ano, e n\u00e3o tenha medo de fazer de tudo para alcan\u00e7\u00e1-la!<\/span><\/p>\n<p>&nbsp;<\/p>\n<p><span style=\"font-weight: 400;\">Al\u00e9m disso, n\u00e3o se esque\u00e7a de <strong>inscrever em nosso blog<\/strong>, toda semana temos v\u00e1rios posts com muitas dicas e novidades para fazer o seu neg\u00f3cio ir a mil! Siga a gente em nossas redes sociais tamb\u00e9m: <a href=\"https:\/\/twitter.com\/isetbr\" rel=\"nofollow noopener\" target=\"_blank\">Twitter<\/a>, <a href=\"https:\/\/www.facebook.com\/isetbr\" rel=\"nofollow noopener\" target=\"_blank\">Facebook<\/a>, <a href=\"https:\/\/www.instagram.com\/isetbr\" rel=\"nofollow noopener\" target=\"_blank\">Instagram<\/a> e <a href=\"https:\/\/www.youtube.com.br\/isetbrasil\" rel=\"nofollow noopener\" target=\"_blank\">YouTube<\/a>.<\/span><\/p>\n<p>&nbsp;<\/p>\n<p><span style=\"font-weight: 400;\">Um abra\u00e7o!<\/span><\/p>\n","protected":false},"excerpt":{"rendered":"<p>Um novo ano chegou, e com ele, muitas coisas novas para aprender, e novos objetivos e metas a serem atingidos com o seu neg\u00f3cio. \u201co ano passado foi um bom ano para meu neg\u00f3cio?\u201d &#8211; esta \u00e9 uma das perguntas cruciais que voc\u00ea deve ter em mente. Independente de qualquer resposta, esse ano\u00a0tem o potencial [&hellip;]<\/p>\n","protected":false},"author":11,"featured_media":46909,"comment_status":"closed","ping_status":"open","sticky":false,"template":"","format":"standard","meta":{"footnotes":""},"categories":[8,227,226],"tags":[406,448,447,449,81,445,446],"class_list":["post-46903","post","type-post","status-publish","format-standard","has-post-thumbnail","hentry","category-dicas-de-ecommerce","category-gestao-e-negocios","category-primeiros-passos-vender-na-internet","tag-estrategia","tag-gestao","tag-gestao-de-projetos","tag-objetivo","tag-planejamento","tag-planejamento-estrategico","tag-planner"],"_links":{"self":[{"href":"https:\/\/www.iset.com.br\/blog\/wp-json\/wp\/v2\/posts\/46903","targetHints":{"allow":["GET"]}}],"collection":[{"href":"https:\/\/www.iset.com.br\/blog\/wp-json\/wp\/v2\/posts"}],"about":[{"href":"https:\/\/www.iset.com.br\/blog\/wp-json\/wp\/v2\/types\/post"}],"author":[{"embeddable":true,"href":"https:\/\/www.iset.com.br\/blog\/wp-json\/wp\/v2\/users\/11"}],"replies":[{"embeddable":true,"href":"https:\/\/www.iset.com.br\/blog\/wp-json\/wp\/v2\/comments?post=46903"}],"version-history":[{"count":15,"href":"https:\/\/www.iset.com.br\/blog\/wp-json\/wp\/v2\/posts\/46903\/revisions"}],"predecessor-version":[{"id":51855,"href":"https:\/\/www.iset.com.br\/blog\/wp-json\/wp\/v2\/posts\/46903\/revisions\/51855"}],"wp:featuredmedia":[{"embeddable":true,"href":"https:\/\/www.iset.com.br\/blog\/wp-json\/wp\/v2\/media\/46909"}],"wp:attachment":[{"href":"https:\/\/www.iset.com.br\/blog\/wp-json\/wp\/v2\/media?parent=46903"}],"wp:term":[{"taxonomy":"category","embeddable":true,"href":"https:\/\/www.iset.com.br\/blog\/wp-json\/wp\/v2\/categories?post=46903"},{"taxonomy":"post_tag","embeddable":true,"href":"https:\/\/www.iset.com.br\/blog\/wp-json\/wp\/v2\/tags?post=46903"}],"curies":[{"name":"wp","href":"https:\/\/api.w.org\/{rel}","templated":true}]}}