{"id":45090,"date":"2018-05-07T10:45:23","date_gmt":"2018-05-07T13:45:23","guid":{"rendered":"https:\/\/blog.iset.com.br\/guia-do-facebook-business-da-criacao-da-conta-ate-o-seu-uso\/"},"modified":"2022-03-30T14:41:03","modified_gmt":"2022-03-30T17:41:03","slug":"guia-do-facebook-business-da-criacao-da-conta-ate-o-seu-uso","status":"publish","type":"post","link":"https:\/\/www.iset.com.br\/blog\/guia-do-facebook-business-da-criacao-da-conta-ate-o-seu-uso\/","title":{"rendered":"Guia do Facebook Business: da cria\u00e7\u00e3o da conta at\u00e9 o seu uso"},"content":{"rendered":"<p><b>Voc\u00ea sabe porque o Facebook Business consegue melhorar o engajamento e a credibilidade da sua marca com os clientes?<\/b><\/p>\n<p><span style=\"font-weight: 400;\">Com a ascens\u00e3o da internet, n\u00e3o h\u00e1 possibilidade de ter uma empresa sem que haja um meio de intera\u00e7\u00e3o online.\u00a0<\/span><\/p>\n<p><span style=\"text-decoration: underline;\"><span style=\"font-weight: 400;\">Um empreendimento que n\u00e3o investe nos canais dispon\u00edveis na internet, perde alcance e fica atr\u00e1s da concorr\u00eancia.<\/span><\/span><\/p>\n<p><span style=\"font-weight: 400;\">Para conseguir um melhor contato com os clientes por meio da rede, existem diferentes ferramentas no mercado que possibilitam a <\/span><a href=\"https:\/\/bit.ly\/3uHYJlw\" rel=\"nofollow noopener\" target=\"_blank\"><span style=\"font-weight: 400;\">cria\u00e7\u00e3o de um site<\/span><\/a><span style=\"font-weight: 400;\">, um blog, a gera\u00e7\u00e3o de um canal de v\u00eddeos e, inclusive, p\u00e1ginas em redes sociais.<\/span><\/p>\n<p><span style=\"font-weight: 400;\">Entre as alternativas, definitivamente, o <\/span><b>Facebook \u00e9 uma das mais eficazes<\/b><span style=\"font-weight: 400;\">, tanto para atrair quanto fidelizar pessoas.<\/span><\/p>\n<p><span style=\"font-weight: 400;\">N\u00e3o \u00e9 atoa que a <\/span><a href=\"https:\/\/www.websiterating.com\/pt\/research\/facebook-statistics\/\" rel=\"nofollow noopener\" target=\"_blank\"><span style=\"font-weight: 400;\">maior rede social do mundo<\/span><\/a><span style=\"font-weight: 400;\"> tem mecanismos espec\u00edficos para as empresas.<\/span><b> Estamos falando do Facebook Business.<\/b><\/p>\n<p><span style=\"font-weight: 400;\">Pensando nas facilidades que essa ferramenta traz para as empresas, preparamos este guia que o ensinar\u00e1 como utiliz\u00e1-lo! Acompanhe!<\/span><\/p>\n<p>&nbsp;<\/p>\n<h2 style=\"text-align: left;\"><span style=\"font-weight: 400;\">O que \u00e9 o Facebook Business?<\/span><\/h2>\n<p><span style=\"font-weight: 400;\">Primeiramente, precisamos dizer que o Facebook Business n\u00e3o se chama mais assim. Com a mudan\u00e7a de nome, o Facebook Business passou a se chamar <\/span><b>Meta Business Suite<\/b><span style=\"font-weight: 400;\">.<\/span><\/p>\n<p><span style=\"font-weight: 400;\">Estamos falando de uma atualiza\u00e7\u00e3o de nome, e que, por enquanto, n\u00e3o alterou nenhuma funcionalidade do Business original.<\/span><\/p>\n<p><span style=\"font-weight: 400;\">Diferentemente do perfil pessoal disponibilizado pela rede social, o Facebook Business \u00e9 uma p\u00e1gina institucional. Isto \u00e9, <\/span><b>um canal espec\u00edfico onde os clientes podem interagir com sua marca.\u00a0<\/b><\/p>\n<p><span style=\"font-weight: 400;\">Curiosamente, esse espa\u00e7o tamb\u00e9m \u00e9 conhecido como fanpage, j\u00e1 que \u00e9 muito f\u00e1cil das pessoas acompanharem as postagens e entrarem em contato com os membros da p\u00e1gina.<\/span><\/p>\n<p>&nbsp;<\/p>\n<p><img fetchpriority=\"high\" decoding=\"async\" class=\"size-large wp-image-53307 aligncenter\" src=\"https:\/\/www.iset.com.br\/blog\/wp-content\/uploads\/2018\/05\/meta-business-print-pagina-inicial-1024x452.jpg\" alt=\"print-meta-business-pagina-inicial\" width=\"800\" height=\"353\" srcset=\"https:\/\/www.iset.com.br\/blog\/wp-content\/uploads\/2018\/05\/meta-business-print-pagina-inicial-1024x452.jpg 1024w, https:\/\/www.iset.com.br\/blog\/wp-content\/uploads\/2018\/05\/meta-business-print-pagina-inicial-300x132.jpg 300w, https:\/\/www.iset.com.br\/blog\/wp-content\/uploads\/2018\/05\/meta-business-print-pagina-inicial-768x339.jpg 768w, https:\/\/www.iset.com.br\/blog\/wp-content\/uploads\/2018\/05\/meta-business-print-pagina-inicial.jpg 1333w\" sizes=\"(max-width: 800px) 100vw, 800px\" \/><\/p>\n<p>&nbsp;<\/p>\n<p>[rock-convert-cta id=&#8221;52971&#8243;]<\/p>\n<p>&nbsp;<\/p>\n<h3><span style=\"font-weight: 400;\">Facebook Business Manager<\/span><\/h3>\n<p><span style=\"font-weight: 400;\">Junto \u00e0 p\u00e1gina corporativa, o empres\u00e1rio tamb\u00e9m tem acesso a outra ferramenta chamada <\/span><b>Gerenciador de Neg\u00f3cios ou Facebook Business Manager.\u00a0<\/b><\/p>\n<p><span style=\"text-decoration: underline;\"><span style=\"font-weight: 400;\">Nela, \u00e9 poss\u00edvel controlar as p\u00e1ginas, an\u00fancios, aplicativos e perfis em um s\u00f3 espa\u00e7o.<\/span><span style=\"font-weight: 400;\">\u00a0<\/span><\/span><\/p>\n<p><span style=\"font-weight: 400;\">Dessa maneira, \u00e9 poss\u00edvel que um grupo de pessoas consiga trabalhar no espa\u00e7o sem exatamente ter acesso ao login ou senha pessoal de quem https:\/\/www.iset.com.br\/blog\/wp-content\/uploads\/2023\/05\/estrategias-marketing-semana-consumidor-2500&#215;1440-1-1536&#215;885-1.webpistra.<\/span><\/p>\n<p><span style=\"font-weight: 400;\">Al\u00e9m disso, atrav\u00e9s da ferramenta \u00e9 poss\u00edvel:<\/span><\/p>\n<ul>\n<li style=\"font-weight: 400;\" aria-level=\"1\"><span style=\"font-weight: 400;\">Criar e https:\/\/www.iset.com.br\/blog\/wp-content\/uploads\/2023\/05\/estrategias-marketing-semana-consumidor-2500&#215;1440-1-1536&#215;885-1.webpistrar diversos ativos como cat\u00e1logo e lista de produtos, p\u00e1ginas do Facebook ou<\/span><a href=\"https:\/\/bit.ly\/36BnZlu\" rel=\"nofollow noopener\" target=\"_blank\"> <span style=\"font-weight: 400;\">Instagram<\/span><\/a><span style=\"font-weight: 400;\">;<\/span><\/li>\n<\/ul>\n<ul>\n<li style=\"font-weight: 400;\" aria-level=\"1\"><span style=\"font-weight: 400;\">print<\/span><\/li>\n<\/ul>\n<ul>\n<li style=\"font-weight: 400;\" aria-level=\"1\"><span style=\"font-weight: 400;\">Rastrear an\u00fancios do Instagram e do Facebook de maneira simples e r\u00e1pida, isso tudo com uma vis\u00e3o geral sobre, impress\u00f5es, gastos com an\u00fancios e visualiza\u00e7\u00f5es;<\/span><\/li>\n<\/ul>\n<ul>\n<li style=\"font-weight: 400;\" aria-level=\"1\"><span style=\"font-weight: 400;\">print<\/span><\/li>\n<\/ul>\n<ul>\n<li style=\"font-weight: 400;\" aria-level=\"1\"><span style=\"font-weight: 400;\">Monitorar e ceder acesso para seus parceiros e colaboradores.<\/span><\/li>\n<\/ul>\n<p>&nbsp;<\/p>\n<p><span style=\"font-weight: 400;\">[rock-convert-cta id=&#8221;52895&#8243;]\u00a0<\/span><\/p>\n<p>&nbsp;<\/p>\n<h2><span style=\"font-weight: 400;\">Como criar uma conta no Facebook Business?<\/span><\/h2>\n<p><b>Lembrando que para se criar um Gerenciador de Neg\u00f3cios ou Business Suite \u00e9 necess\u00e1rio ter uma conta no Facebook.<\/b><\/p>\n<p><span style=\"font-weight: 400;\">1- Fa\u00e7a o login no Facebook normalmente com sua conta pessoal.<\/span><\/p>\n<p><span style=\"font-weight: 400;\">2- Em sua p\u00e1gina inicial, clique no bot\u00e3o <\/span><b>P\u00e1ginas <\/b><span style=\"font-weight: 400;\">no canto esquerdo da tela.<\/span><\/p>\n<p>&nbsp;<\/p>\n<p><img decoding=\"async\" class=\"alignnone size-large wp-image-53308\" src=\"https:\/\/www.iset.com.br\/blog\/wp-content\/uploads\/2018\/05\/image3-1024x466.jpg\" alt=\"facebook-business-meta\" width=\"800\" height=\"364\" srcset=\"https:\/\/www.iset.com.br\/blog\/wp-content\/uploads\/2018\/05\/image3-1024x466.jpg 1024w, https:\/\/www.iset.com.br\/blog\/wp-content\/uploads\/2018\/05\/image3-300x137.jpg 300w, https:\/\/www.iset.com.br\/blog\/wp-content\/uploads\/2018\/05\/image3-768x350.jpg 768w, https:\/\/www.iset.com.br\/blog\/wp-content\/uploads\/2018\/05\/image3.jpg 1346w\" sizes=\"(max-width: 800px) 100vw, 800px\" \/><\/p>\n<p>&nbsp;<\/p>\n<p><span style=\"font-weight: 400;\">3- Nas op\u00e7\u00f5es da aba <\/span><b>P\u00e1ginas <\/b><span style=\"font-weight: 400;\">voc\u00ea deve clicar no bot\u00e3o <\/span><b>Meta Bunsiness Suite<\/b><span style=\"font-weight: 400;\">.<\/span><\/p>\n<p>&nbsp;<\/p>\n<p><b><img decoding=\"async\" class=\"size-full wp-image-53309 aligncenter\" src=\"https:\/\/www.iset.com.br\/blog\/wp-content\/uploads\/2018\/05\/image13.jpg\" alt=\"print-facebook-business\" width=\"373\" height=\"614\" srcset=\"https:\/\/www.iset.com.br\/blog\/wp-content\/uploads\/2018\/05\/image13.jpg 373w, https:\/\/www.iset.com.br\/blog\/wp-content\/uploads\/2018\/05\/image13-182x300.jpg 182w\" sizes=\"(max-width: 373px) 100vw, 373px\" \/>\u00a0<\/b><\/p>\n<p>&nbsp;<\/p>\n<p><span style=\"font-weight: 400;\">4- Pronto, agora voc\u00ea ser\u00e1 direcionado para a p\u00e1gina do Business Suite, em seguida clique na <\/span><b>setinha ao lado do seu perfil.<\/b><\/p>\n<p>&nbsp;<\/p>\n<p><img loading=\"lazy\" decoding=\"async\" class=\"size-full wp-image-53310 aligncenter\" src=\"https:\/\/www.iset.com.br\/blog\/wp-content\/uploads\/2018\/05\/image10.jpg\" alt=\"print-facebook-business-meta\" width=\"508\" height=\"434\" srcset=\"https:\/\/www.iset.com.br\/blog\/wp-content\/uploads\/2018\/05\/image10.jpg 508w, https:\/\/www.iset.com.br\/blog\/wp-content\/uploads\/2018\/05\/image10-300x256.jpg 300w\" sizes=\"(max-width: 508px) 100vw, 508px\" \/><\/p>\n<p>&nbsp;<\/p>\n<p><span style=\"font-weight: 400;\">5- Clique na op\u00e7\u00e3o <\/span><b>Criar uma conta empresarial.<\/b><\/p>\n<p>&nbsp;<\/p>\n<p><img loading=\"lazy\" decoding=\"async\" class=\"size-full wp-image-53311 aligncenter\" src=\"https:\/\/www.iset.com.br\/blog\/wp-content\/uploads\/2018\/05\/image11.jpg\" alt=\"print-facebook-business-meta\" width=\"335\" height=\"498\" srcset=\"https:\/\/www.iset.com.br\/blog\/wp-content\/uploads\/2018\/05\/image11.jpg 335w, https:\/\/www.iset.com.br\/blog\/wp-content\/uploads\/2018\/05\/image11-202x300.jpg 202w\" sizes=\"(max-width: 335px) 100vw, 335px\" \/><\/p>\n<p>&nbsp;<\/p>\n<p><span style=\"font-weight: 400;\">6- Na p\u00e1gina a seguir \u00e9 preciso digitar o nome da sua empresa e clicar em <\/span><b>Avan\u00e7ar.<\/b><\/p>\n<p>&nbsp;<\/p>\n<p><img loading=\"lazy\" decoding=\"async\" class=\"size-large wp-image-53312 aligncenter\" src=\"https:\/\/www.iset.com.br\/blog\/wp-content\/uploads\/2018\/05\/image7-1024x474.jpg\" alt=\"print-meta-facebook-business\" width=\"800\" height=\"370\" srcset=\"https:\/\/www.iset.com.br\/blog\/wp-content\/uploads\/2018\/05\/image7-1024x474.jpg 1024w, https:\/\/www.iset.com.br\/blog\/wp-content\/uploads\/2018\/05\/image7-300x139.jpg 300w, https:\/\/www.iset.com.br\/blog\/wp-content\/uploads\/2018\/05\/image7-768x356.jpg 768w, https:\/\/www.iset.com.br\/blog\/wp-content\/uploads\/2018\/05\/image7.jpg 1341w\" sizes=\"(max-width: 800px) 100vw, 800px\" \/><\/p>\n<p>&nbsp;<\/p>\n<p><span style=\"font-weight: 400;\">7- Nas pr\u00f3ximas p\u00e1ginas basta preencher com seus dados e dar continuidade a sequ\u00eancia clicando em <\/span><b>Avan\u00e7ar<\/b><span style=\"font-weight: 400;\">.<\/span><\/p>\n<p>&nbsp;<\/p>\n<p><span style=\"font-weight: 400;\">8- Prontinho, voc\u00ea ser\u00e1 redirecionado para o menu do seu neg\u00f3cio<\/span><span style=\"font-weight: 400;\">.<\/span><\/p>\n<p>&nbsp;<\/p>\n<p>[rock-convert-cta id=&#8221;52971&#8243;]<\/p>\n<p>&nbsp;<\/p>\n<h2><span style=\"font-weight: 400;\">Principais ferramentas e configura\u00e7\u00f5es do Facebook Business<\/span><\/h2>\n<p><span style=\"font-weight: 400;\">Para iniciar as configura\u00e7\u00f5es do seu neg\u00f3cio voc\u00ea pode clicar no bot\u00e3o <\/span><b>Configura\u00e7\u00f5es <\/b><span style=\"font-weight: 400;\">no canto esquerdo inferior da tela. <\/span><span style=\"font-weight: 400;\">\u00a0<\/span><\/p>\n<p>&nbsp;<\/p>\n<p><img loading=\"lazy\" decoding=\"async\" class=\"alignnone size-full wp-image-53313\" src=\"https:\/\/www.iset.com.br\/blog\/wp-content\/uploads\/2018\/05\/image4.jpg\" alt=\"print-facebook-meta-business\" width=\"952\" height=\"600\" srcset=\"https:\/\/www.iset.com.br\/blog\/wp-content\/uploads\/2018\/05\/image4.jpg 952w, https:\/\/www.iset.com.br\/blog\/wp-content\/uploads\/2018\/05\/image4-300x189.jpg 300w, https:\/\/www.iset.com.br\/blog\/wp-content\/uploads\/2018\/05\/image4-768x484.jpg 768w\" sizes=\"(max-width: 952px) 100vw, 952px\" \/><\/p>\n<p>&nbsp;<\/p>\n<p><span style=\"font-weight: 400;\">Em seguida voc\u00ea ser\u00e1 redirecionado para a p\u00e1gina de configura\u00e7\u00f5es da sua empresa.\u00a0<\/span><\/p>\n<p><span style=\"font-weight: 400;\">Caso voc\u00ea queira adicionar pessoas, criar p\u00e1ginas, criar uma conta de an\u00fancios, etc. Basta clicar no bot\u00e3o <\/span><b>Mais configura\u00e7\u00f5es do neg\u00f3cio.<\/b><\/p>\n<p>&nbsp;<\/p>\n<p><img loading=\"lazy\" decoding=\"async\" class=\"size-large wp-image-53314 aligncenter\" src=\"https:\/\/www.iset.com.br\/blog\/wp-content\/uploads\/2018\/05\/image2-1024x469.jpg\" alt=\"print-facebook-meta-business\" width=\"800\" height=\"366\" srcset=\"https:\/\/www.iset.com.br\/blog\/wp-content\/uploads\/2018\/05\/image2-1024x469.jpg 1024w, https:\/\/www.iset.com.br\/blog\/wp-content\/uploads\/2018\/05\/image2-300x137.jpg 300w, https:\/\/www.iset.com.br\/blog\/wp-content\/uploads\/2018\/05\/image2-768x352.jpg 768w, https:\/\/www.iset.com.br\/blog\/wp-content\/uploads\/2018\/05\/image2.jpg 1354w\" sizes=\"(max-width: 800px) 100vw, 800px\" \/><\/p>\n<p>&nbsp;<\/p>\n<p><span style=\"font-weight: 400;\">Voc\u00ea ser\u00e1 direcionado para a p\u00e1gina de <\/span><b>Configura\u00e7\u00f5es do neg\u00f3cio, <\/b><span style=\"font-weight: 400;\">na aba pessoas. Caso voc\u00ea queira adicionar pessoas ao seu neg\u00f3cio basta clicar no bot\u00e3o <\/span><b>Adicionar.<\/b><\/p>\n<p>&nbsp;<\/p>\n<p><b><img loading=\"lazy\" decoding=\"async\" class=\"size-large wp-image-53315 aligncenter\" src=\"https:\/\/www.iset.com.br\/blog\/wp-content\/uploads\/2018\/05\/image9-1024x470.jpg\" alt=\"print-facebook-meta-business\" width=\"800\" height=\"367\" srcset=\"https:\/\/www.iset.com.br\/blog\/wp-content\/uploads\/2018\/05\/image9-1024x470.jpg 1024w, https:\/\/www.iset.com.br\/blog\/wp-content\/uploads\/2018\/05\/image9-300x138.jpg 300w, https:\/\/www.iset.com.br\/blog\/wp-content\/uploads\/2018\/05\/image9-768x352.jpg 768w, https:\/\/www.iset.com.br\/blog\/wp-content\/uploads\/2018\/05\/image9.jpg 1338w\" sizes=\"(max-width: 800px) 100vw, 800px\" \/><\/b><\/p>\n<p>&nbsp;<\/p>\n<p><span style=\"font-weight: 400;\">O Gerenciador possui duas op\u00e7\u00f5es principais para os usu\u00e1rios:\u00a0<\/span><\/p>\n<ul>\n<li style=\"font-weight: 400;\" aria-level=\"1\"><b>Acesso do funcion\u00e1rio<\/b><span style=\"font-weight: 400;\">: \u00e9 recomendado<\/span><span style=\"font-weight: 400;\"> adicionar as pessoas como funcion\u00e1rios. Eles podem trabalhar somente nas contas e ferramentas atribu\u00eddas;<\/span><\/li>\n<li style=\"font-weight: 400;\" aria-level=\"1\"><b>Acesso do https:\/\/www.iset.com.br\/blog\/wp-content\/uploads\/2023\/05\/estrategias-marketing-semana-consumidor-2500&#215;1440-1-1536&#215;885-1.webpistrador<\/b><span style=\"font-weight: 400;\">: os https:\/\/www.iset.com.br\/blog\/wp-content\/uploads\/2023\/05\/estrategias-marketing-semana-consumidor-2500&#215;1440-1-1536&#215;885-1.webpistradores t\u00eam controle total sobre a sua empresa. Eles podem editar configura\u00e7\u00f5es, pessoas, contas e ferramentas.<\/span><\/li>\n<\/ul>\n<p>&nbsp;<\/p>\n<p><span style=\"font-weight: 400;\">No menu de <\/span><b>Configura\u00e7\u00f5es do neg\u00f3cio<\/b><span style=\"font-weight: 400;\"> tamb\u00e9m \u00e9 poss\u00edvel adicionar p\u00e1ginas e contas de an\u00fancios, para isso basta clicar na aba <\/span><b>Contas<\/b><span style=\"font-weight: 400;\">, em seguida basta clicar em <\/span><b>Adicionar.<\/b><\/p>\n<p>&nbsp;<\/p>\n<p><img loading=\"lazy\" decoding=\"async\" class=\"size-large wp-image-53316 aligncenter\" src=\"https:\/\/www.iset.com.br\/blog\/wp-content\/uploads\/2018\/05\/image14-1024x475.jpg\" alt=\"print-facebook-meta-business\" width=\"800\" height=\"371\" srcset=\"https:\/\/www.iset.com.br\/blog\/wp-content\/uploads\/2018\/05\/image14-1024x475.jpg 1024w, https:\/\/www.iset.com.br\/blog\/wp-content\/uploads\/2018\/05\/image14-300x139.jpg 300w, https:\/\/www.iset.com.br\/blog\/wp-content\/uploads\/2018\/05\/image14-768x356.jpg 768w, https:\/\/www.iset.com.br\/blog\/wp-content\/uploads\/2018\/05\/image14.jpg 1342w\" sizes=\"(max-width: 800px) 100vw, 800px\" \/><\/p>\n<p>&nbsp;<\/p>\n<p><span style=\"font-weight: 400;\">N\u00e3o se esque\u00e7a de vincular sua conta comercial do Facebook Business com suas contas do Instagram e do Whatsapp.\u00a0<\/span><\/p>\n<p><b>Lembrando que \u00e9 importante cadastrar sua conta do <\/b><a href=\"https:\/\/bit.ly\/3BbQrVM\" rel=\"nofollow noopener\" target=\"_blank\"><b>Whatsapp Business.<\/b><\/a><\/p>\n<p>&nbsp;<\/p>\n<p><img loading=\"lazy\" decoding=\"async\" class=\"size-large wp-image-53317 aligncenter\" src=\"https:\/\/www.iset.com.br\/blog\/wp-content\/uploads\/2018\/05\/image8-1024x472.jpg\" alt=\"print-facebook-business-meta\" width=\"800\" height=\"369\" srcset=\"https:\/\/www.iset.com.br\/blog\/wp-content\/uploads\/2018\/05\/image8-1024x472.jpg 1024w, https:\/\/www.iset.com.br\/blog\/wp-content\/uploads\/2018\/05\/image8-300x138.jpg 300w, https:\/\/www.iset.com.br\/blog\/wp-content\/uploads\/2018\/05\/image8-768x354.jpg 768w, https:\/\/www.iset.com.br\/blog\/wp-content\/uploads\/2018\/05\/image8.jpg 1340w\" sizes=\"(max-width: 800px) 100vw, 800px\" \/><\/p>\n<p>&nbsp;<\/p>\n<p><span style=\"font-weight: 400;\">Outra configura\u00e7\u00e3o que n\u00e3o pode ser esquecida, s\u00e3o as <\/span><a href=\"https:\/\/bit.ly\/3IPEcR1\" rel=\"nofollow noopener\" target=\"_blank\"><b>Formas de pagamento<\/b><\/a><b>, <\/b><span style=\"font-weight: 400;\">aba localizada logo abaixo.<\/span><\/p>\n<p>&nbsp;<\/p>\n<p><span style=\"font-weight: 400;\"> <img loading=\"lazy\" decoding=\"async\" class=\"alignnone size-large wp-image-53318\" src=\"https:\/\/www.iset.com.br\/blog\/wp-content\/uploads\/2018\/05\/image1-1024x473.jpg\" alt=\"business-meta-facebook\" width=\"800\" height=\"370\" srcset=\"https:\/\/www.iset.com.br\/blog\/wp-content\/uploads\/2018\/05\/image1-1024x473.jpg 1024w, https:\/\/www.iset.com.br\/blog\/wp-content\/uploads\/2018\/05\/image1-300x139.jpg 300w, https:\/\/www.iset.com.br\/blog\/wp-content\/uploads\/2018\/05\/image1-768x355.jpg 768w, https:\/\/www.iset.com.br\/blog\/wp-content\/uploads\/2018\/05\/image1.jpg 1335w\" sizes=\"(max-width: 800px) 100vw, 800px\" \/><\/span><\/p>\n<p>&nbsp;<\/p>\n<p><b>Observa\u00e7\u00e3o importante<\/b><span style=\"font-weight: 400;\">, suas op\u00e7\u00f5es de pagamento neste menu ser\u00e3o utilizadas tamb\u00e9m para o Instagram.\u00a0<\/span><\/p>\n<p><span style=\"font-weight: 400;\">As configura\u00e7\u00f5es principais do seu perfil est\u00e3o na aba <\/span><b>Informa\u00e7\u00f5es da empresa<\/b><span style=\"font-weight: 400;\">.<\/span><\/p>\n<p>&nbsp;<\/p>\n<p><img loading=\"lazy\" decoding=\"async\" class=\"size-large wp-image-53319 aligncenter\" src=\"https:\/\/www.iset.com.br\/blog\/wp-content\/uploads\/2018\/05\/image12-1024x477.jpg\" alt=\"print-facebook-business-meta\" width=\"800\" height=\"373\" srcset=\"https:\/\/www.iset.com.br\/blog\/wp-content\/uploads\/2018\/05\/image12-1024x477.jpg 1024w, https:\/\/www.iset.com.br\/blog\/wp-content\/uploads\/2018\/05\/image12-300x140.jpg 300w, https:\/\/www.iset.com.br\/blog\/wp-content\/uploads\/2018\/05\/image12-768x357.jpg 768w, https:\/\/www.iset.com.br\/blog\/wp-content\/uploads\/2018\/05\/image12.jpg 1328w\" sizes=\"(max-width: 800px) 100vw, 800px\" \/><\/p>\n<p>&nbsp;<\/p>\n<p><span style=\"font-weight: 400;\">Basta acessar a aba e clicar no bot\u00e3o <\/span><b>Editar.\u00a0<\/b><\/p>\n<p>&nbsp;<\/p>\n<p><img loading=\"lazy\" decoding=\"async\" class=\"size-full wp-image-53320 aligncenter\" src=\"https:\/\/www.iset.com.br\/blog\/wp-content\/uploads\/2018\/05\/image5.jpg\" alt=\"print-imagem-facebook-business-meta\" width=\"624\" height=\"580\" srcset=\"https:\/\/www.iset.com.br\/blog\/wp-content\/uploads\/2018\/05\/image5.jpg 624w, https:\/\/www.iset.com.br\/blog\/wp-content\/uploads\/2018\/05\/image5-300x279.jpg 300w\" sizes=\"(max-width: 624px) 100vw, 624px\" \/><\/p>\n<p>&nbsp;<\/p>\n<p><span style=\"font-weight: 400;\">Em seguida preencha com os dados da sua empresa e clique em <\/span><b>Salvar<\/b><span style=\"font-weight: 400;\">.<\/span><\/p>\n<p><span style=\"font-weight: 400;\">Localizado um pouco a baixo est\u00e1 a aba <\/span><b>Notifica\u00e7\u00f5es<\/b><span style=\"font-weight: 400;\">, nela voc\u00ea consegue ativar e desativar as notifica\u00e7\u00f5es do seu neg\u00f3cio e das contas no Facebook.\u00a0<\/span><\/p>\n<p><span style=\"text-decoration: underline;\"><span style=\"font-weight: 400;\">Estas s\u00e3o as suas configura\u00e7\u00f5es pessoais e n\u00e3o afetam outras pessoas no seu neg\u00f3cio.<\/span><\/span><\/p>\n<p>&nbsp;<\/p>\n<p><span style=\"font-weight: 400;\">[rock-convert-cta id=&#8221;52945&#8243;]<\/span><\/p>\n<p>&nbsp;<\/p>\n<h2><span style=\"font-weight: 400;\">Por que usar o Facebook Business?<\/span><\/h2>\n<p><b>Para empresas, \u00e9 imprescind\u00edvel o uso dessa plataforma<\/b><span style=\"font-weight: 400;\">, principalmente, porque o alcance do Facebook \u00e9 muito alto, atingindo cerca de 1,4 bilh\u00f5es de pessoas.\u00a0<\/span><\/p>\n<p><span style=\"text-decoration: underline;\"><span style=\"font-weight: 400;\">Acompanhe agora algumas das principais vantagens de us\u00e1-lo!<\/span><\/span><\/p>\n<p><span style=\"font-weight: 400;\">\u00a0<\/span><\/p>\n<ul>\n<li style=\"font-weight: 400;\" aria-level=\"1\"><span style=\"font-weight: 400;\">Leia tamb\u00e9m: <\/span><a href=\"https:\/\/bit.ly\/3uBLH9k\" rel=\"nofollow noopener\" target=\"_blank\"><span style=\"font-weight: 400;\">9 mitos sobre an\u00fancios para as redes sociais.<\/span><\/a><\/li>\n<\/ul>\n<p>&nbsp;<\/p>\n<h3><span style=\"font-weight: 400;\">Separa o profissional do pessoal<\/span><\/h3>\n<p><span style=\"font-weight: 400;\">Com a possibilidade de ter uma p\u00e1gina s\u00f3 para neg\u00f3cios, <\/span><span style=\"text-decoration: underline;\"><span style=\"font-weight: 400;\">\u00e9 muito mais f\u00e1cil gerenciar e separar as notifica\u00e7\u00f5es e intera\u00e7\u00f5es<\/span><\/span><span style=\"font-weight: 400;\"><span style=\"text-decoration: underline;\">.<\/span>\u00a0<\/span><\/p>\n<p><span style=\"font-weight: 400;\">Al\u00e9m disso, voc\u00ea n\u00e3o perde a sua p\u00e1gina pessoal, j\u00e1 que \u00e9 formado um perfil separado do seu.\u00a0<\/span><\/p>\n<p><b>Com isso voc\u00ea poder\u00e1 ter um canal de comunica\u00e7\u00e3o especialmente voltado para assuntos profissionais.<\/b><\/p>\n<p>&nbsp;<\/p>\n<h3><span style=\"font-weight: 400;\">Gera hierarquia de acesso<\/span><\/h3>\n<p><span style=\"font-weight: 400;\">Com uma \u00fanica conta \u00e9 poss\u00edvel desenvolver um perfil de empresa e adicionar outras pessoas por meio do endere\u00e7o de e-mail, para que elas gerenciem a p\u00e1gina.\u00a0<\/span><\/p>\n<p><span style=\"font-weight: 400;\">Atrav\u00e9s do Facebook Business Manager \u00e9 poss\u00edvel limitar o acesso de cada usu\u00e1rio conforme seu papel na https:\/\/www.iset.com.br\/blog\/wp-content\/uploads\/2023\/05\/estrategias-marketing-semana-consumidor-2500&#215;1440-1-1536&#215;885-1.webpistra\u00e7\u00e3o do perfil.<\/span><\/p>\n<p><span style=\"font-weight: 400;\">\u00a0<\/span><\/p>\n<h3><span style=\"font-weight: 400;\">N\u00e3o interfere na p\u00e1gina pessoal<\/span><\/h3>\n<p><span style=\"font-weight: 400;\">Como explicamos no primeiro t\u00f3pico, exceto por ser https:\/\/www.iset.com.br\/blog\/wp-content\/uploads\/2023\/05\/estrategias-marketing-semana-consumidor-2500&#215;1440-1-1536&#215;885-1.webpistrada pela mesma pessoa, <\/span><span style=\"text-decoration: underline;\"><span style=\"font-weight: 400;\">a p\u00e1gina corporativa \u00e9 totalmente desvinculada do perfil pessoal.\u00a0<\/span><\/span><\/p>\n<p><span style=\"font-weight: 400;\">\u00a0<\/span><\/p>\n<h3><span style=\"font-weight: 400;\">Promove seguran\u00e7a<\/span><\/h3>\n<p><span style=\"font-weight: 400;\">Com uma p\u00e1gina pr\u00f3pria para as empresas, quando se trata de cadastrar formas de pagamentos, o Facebook Business Manager garante <\/span><a href=\"https:\/\/bit.ly\/3qO5RvE\" rel=\"nofollow noopener\" target=\"_blank\"><span style=\"font-weight: 400;\">muito mais seguran\u00e7a<\/span><\/a><span style=\"font-weight: 400;\">, j\u00e1 que n\u00e3o \u00e9 necess\u00e1rio disponibilizar os seus dados banc\u00e1rios no perfil pessoal.\u00a0<\/span><\/p>\n<p><span style=\"font-weight: 400;\">Al\u00e9m de disponibilizar diferentes formas de pagamento de patroc\u00ednios do Facebook com o analista da rede.<\/span><\/p>\n<p>&nbsp;<\/p>\n<ul>\n<li style=\"font-weight: 400;\" aria-level=\"1\"><span style=\"font-weight: 400;\">Leia tamb\u00e9m: <\/span><a href=\"https:\/\/bit.ly\/36zbFCp\" rel=\"nofollow noopener\" target=\"_blank\"><span style=\"font-weight: 400;\">7 dicas para otimizar a seguran\u00e7a de dados no e-commerce.<\/span><\/a><\/li>\n<\/ul>\n<p>&nbsp;<\/p>\n<h2><span style=\"font-weight: 400;\">Quais as vantagens do Facebook Business Manager?<\/span><\/h2>\n<p><span style=\"font-weight: 400;\">N\u00e3o \u00e9 segredo que o <\/span><span style=\"text-decoration: underline;\"><span style=\"font-weight: 400;\">Gerenciador de Neg\u00f3cios \u00e9 um facilitador para cuidar da p\u00e1gina corporativa da sua empresa ou loja virtual.\u00a0<\/span><\/span><\/p>\n<p><span style=\"font-weight: 400;\">Descubra agora as principais vantagens em utilizar o Facebook Business!<\/span><\/p>\n<p>&nbsp;<\/p>\n<p><span style=\"font-weight: 400;\">[rock-convert-cta id=&#8221;52954&#8243;]<\/span><\/p>\n<p>&nbsp;<\/p>\n<h3><span style=\"font-weight: 400;\">Faturamento separado<\/span><\/h3>\n<p><span style=\"font-weight: 400;\">Umas das facilidades que essa ferramenta proporciona \u00e9 poder ter uma conta de an\u00fancios e associ\u00e1-la a uma forma espec\u00edfica de pagamento.\u00a0<\/span><\/p>\n<p><span style=\"font-weight: 400;\">Ent\u00e3o, quando o https:\/\/www.iset.com.br\/blog\/wp-content\/uploads\/2023\/05\/estrategias-marketing-semana-consumidor-2500&#215;1440-1-1536&#215;885-1.webpistrador cria um an\u00fancio, al\u00e9m de ser poss\u00edvel impulsionar um post, gerar uma campanha ou obter mais cliques e visitas no site, <\/span><b>ele pode definir um meio de pagamento para cada uma dessas a\u00e7\u00f5es.<\/b><\/p>\n<p>&nbsp;<\/p>\n<h3><span style=\"font-weight: 400;\">Funcionalidades personaliz\u00e1veis<\/span><\/h3>\n<p><span style=\"font-weight: 400;\">Como sabemos, no Facebook Business Manager \u00e9 poss\u00edvel incluir todos os funcion\u00e1rios na sua p\u00e1gina corporativa.\u00a0<\/span><\/p>\n<p><span style=\"text-decoration: underline;\"><span style=\"font-weight: 400;\">Dessa maneira, \u00e9 permitido estipular diferentes fun\u00e7\u00f5es para cada usu\u00e1rio.\u00a0<\/span><\/span><\/p>\n<p><span style=\"font-weight: 400;\">Sem d\u00favidas esta funcionalidade \u00e9 muito \u00fatil para qualquer empreendedor.<\/span><\/p>\n<p><span style=\"font-weight: 400;\">\u00a0<\/span><\/p>\n<h3><span style=\"font-weight: 400;\">Plataforma responsiva<\/span><\/h3>\n<p><span style=\"font-weight: 400;\">Assim como uma p\u00e1gina pessoal, o Gerenciador de Neg\u00f3cios do Facebook tamb\u00e9m fornece acesso \u00e0 sua p\u00e1gina corporativa tanto pela web quanto pelo celular.\u00a0<\/span><\/p>\n<p><b>\u00c9 preciso apenas baixar o aplicativo da ferramenta e come\u00e7ar a usar.\u00a0<\/b><\/p>\n<p><span style=\"text-decoration: underline;\"><span style=\"font-weight: 400;\">No pr\u00f3prio app, \u00e9 oferecido um guia de como oper\u00e1-lo<\/span><\/span><span style=\"font-weight: 400;\">, e voc\u00ea pode acessar em caso de d\u00favidas.<\/span><\/p>\n<p>&nbsp;<\/p>\n<p><span style=\"font-weight: 400;\">[rock-convert-cta id=&#8221;52987&#8243;]<\/span><\/p>\n<p>&nbsp;<\/p>\n<h3><span style=\"font-weight: 400;\">Gerenciando diferentes fanpages<\/span><\/h3>\n<p><span style=\"font-weight: 400;\">O gerenciador possibilita https:\/\/www.iset.com.br\/blog\/wp-content\/uploads\/2023\/05\/estrategias-marketing-semana-consumidor-2500&#215;1440-1-1536&#215;885-1.webpistrar diferentes fanpages com um clique.\u00a0<\/span><\/p>\n<p><span style=\"text-decoration: underline;\"><span style=\"font-weight: 400;\">Dessa maneira, \u00e9 poss\u00edvel criar campanhas e comparar seus resultados.<\/span><\/span><\/p>\n<p>&nbsp;<\/p>\n<h2><span style=\"font-weight: 400;\">O Facebook Business Manager \u00e9 realmente \u00fatil?<\/span><\/h2>\n<p><span style=\"font-weight: 400;\">O Facebook Business Manager tem muitas finalidades interessantes para a empresa,<\/span><b> al\u00e9m de poder https:\/\/www.iset.com.br\/blog\/wp-content\/uploads\/2023\/05\/estrategias-marketing-semana-consumidor-2500&#215;1440-1-1536&#215;885-1.webpistrar a p\u00e1gina corporativa, \u00e9 poss\u00edvel gerenciar o Instagram, a lista de p\u00fablico e os an\u00fancios de seus produtos.\u00a0\u00a0<\/b><\/p>\n<p><span style=\"font-weight: 400;\">Inclusive, conforme a pr\u00f3pria defini\u00e7\u00e3o do Facebook, a ferramenta tem a funcionalidade de fazer com que a https:\/\/www.iset.com.br\/blog\/wp-content\/uploads\/2023\/05\/estrategias-marketing-semana-consumidor-2500&#215;1440-1-1536&#215;885-1.webpistra\u00e7\u00e3o da <\/span><a href=\"https:\/\/bit.ly\/3pd2eia\" rel=\"nofollow noopener\" target=\"_blank\"><span style=\"font-weight: 400;\">rede social<\/span><\/a><span style=\"font-weight: 400;\"> seja mais pr\u00e1tica para as empresas.\u00a0<\/span><\/p>\n<p><span style=\"text-decoration: underline;\"><span style=\"font-weight: 400;\">Portanto, podemos concluir que sim, o Facebook Business \u00e9 de extrema utilidade para qualquer empreendedor atualmente!<\/span><\/span><\/p>\n<p><span style=\"font-weight: 400;\">Quer continuar aprendendo a lidar com seu com\u00e9rcio na internet? Ent\u00e3o baixe agora o nosso e-book <\/span><a href=\"https:\/\/www.iset.com.br\/ebook\/10-passos-para-faturar-o-primeiro-milhao-em-sua-loja-virtual.html\"><span style=\"font-weight: 400;\">10 passos para faturar o primeiro milh\u00e3o em sua loja virtual<\/span><\/a><span style=\"font-weight: 400;\">!\u00a0<\/span><\/p>\n<p>&nbsp;<\/p>\n<p><span style=\"font-weight: 400;\">[rock-convert-cta id=&#8221;52891&#8243;]<\/span><\/p>\n<p><span style=\"font-weight: 400;\">Leia tamb\u00e9m:<\/span><\/p>\n<ul>\n<li style=\"font-weight: 400;\" aria-level=\"1\"><a href=\"https:\/\/bit.ly\/3qK0BsY\" rel=\"nofollow noopener\" target=\"_blank\"><span style=\"font-weight: 400;\">Melhores ferramentas do Facebook: Marketplace, Ads, Business;<\/span><\/a><\/li>\n<li style=\"font-weight: 400;\" aria-level=\"1\"><a href=\"https:\/\/bit.ly\/3qK4IFt\" rel=\"nofollow noopener\" target=\"_blank\"><span style=\"font-weight: 400;\">7 passos para criar um site de vendas do zero;<\/span><\/a><\/li>\n<li style=\"font-weight: 400;\" aria-level=\"1\"><a href=\"https:\/\/bit.ly\/3NylLUI\" rel=\"nofollow noopener\" target=\"_blank\"><span style=\"font-weight: 400;\">Descubra como baixar v\u00eddeos do Reels do Instagram.<\/span><\/a><\/li>\n<\/ul>\n<p>&nbsp;<\/p>\n<p style=\"text-align: center;\"><span style=\"font-size: 20px;\">N\u00e3o se esque\u00e7a de se inscrever na nossa Newsletter! Toda semana temos v\u00e1rios posts com muitas dicas e novidades para fazer o seu neg\u00f3cio decolar!<\/span><\/p>\n<form action=\"https:\/\/paginas.rocks\/pages\/index\/311172\" method=\"post\"><input id=\"id\" name=\"id\" type=\"hidden\" value=\"311172\" \/><input id=\"mid\" name=\"mid\" type=\"hidden\" value=\"311172\" \/><input id=\"pid\" name=\"pid\" type=\"hidden\" value=\"18494173\" \/><input id=\"list_id\" name=\"list_id\" type=\"hidden\" value=\"311172\" \/><input id=\"provider\" name=\"provider\" type=\"hidden\" value=\"leadlovers\" \/><input id=\"email\" class=\"form-control form-ll\" name=\"email\" type=\"text\" placeholder=\"Informe o seu email\" \/><\/p>\n<p><button class=\"btn btn-danger\" style=\"padding: 10px; width: 100%; margin: 15px 0 5px; background-color: rgba(0, 102, 153, 1); border-color: rgba(0, 102, 153, 1) !important;\" type=\"submit\">Inscreva-se<\/button><span style=\"text-align: center;\">\u00a0<\/span><\/p>\n<\/form>\n","protected":false},"excerpt":{"rendered":"<p>Voc\u00ea sabe porque o Facebook Business consegue melhorar o engajamento e a credibilidade da sua marca com os clientes? Com a ascens\u00e3o da internet, n\u00e3o h\u00e1 possibilidade de ter uma empresa sem que haja um meio de intera\u00e7\u00e3o online.\u00a0 Um empreendimento que n\u00e3o investe nos canais dispon\u00edveis na internet, perde alcance e fica atr\u00e1s da [&hellip;]<\/p>\n","protected":false},"author":7,"featured_media":53328,"comment_status":"closed","ping_status":"open","sticky":false,"template":"","format":"standard","meta":{"footnotes":""},"categories":[8,222,443],"tags":[559,51,1258,1626,39,420,1627,1625,21,24,914,204,414],"class_list":["post-45090","post","type-post","status-publish","format-standard","has-post-thumbnail","hentry","category-dicas-de-ecommerce","category-marketing-digital","category-redes-sociais","tag-ads","tag-blog","tag-business","tag-criar-conta","tag-e-commerce","tag-facebook","tag-facebook-business-manager","tag-guia","tag-loja-virtual","tag-marketing","tag-rede-social","tag-site","tag-vendas-online"],"_links":{"self":[{"href":"https:\/\/www.iset.com.br\/blog\/wp-json\/wp\/v2\/posts\/45090","targetHints":{"allow":["GET"]}}],"collection":[{"href":"https:\/\/www.iset.com.br\/blog\/wp-json\/wp\/v2\/posts"}],"about":[{"href":"https:\/\/www.iset.com.br\/blog\/wp-json\/wp\/v2\/types\/post"}],"author":[{"embeddable":true,"href":"https:\/\/www.iset.com.br\/blog\/wp-json\/wp\/v2\/users\/7"}],"replies":[{"embeddable":true,"href":"https:\/\/www.iset.com.br\/blog\/wp-json\/wp\/v2\/comments?post=45090"}],"version-history":[{"count":18,"href":"https:\/\/www.iset.com.br\/blog\/wp-json\/wp\/v2\/posts\/45090\/revisions"}],"predecessor-version":[{"id":53329,"href":"https:\/\/www.iset.com.br\/blog\/wp-json\/wp\/v2\/posts\/45090\/revisions\/53329"}],"wp:featuredmedia":[{"embeddable":true,"href":"https:\/\/www.iset.com.br\/blog\/wp-json\/wp\/v2\/media\/53328"}],"wp:attachment":[{"href":"https:\/\/www.iset.com.br\/blog\/wp-json\/wp\/v2\/media?parent=45090"}],"wp:term":[{"taxonomy":"category","embeddable":true,"href":"https:\/\/www.iset.com.br\/blog\/wp-json\/wp\/v2\/categories?post=45090"},{"taxonomy":"post_tag","embeddable":true,"href":"https:\/\/www.iset.com.br\/blog\/wp-json\/wp\/v2\/tags?post=45090"}],"curies":[{"name":"wp","href":"https:\/\/api.w.org\/{rel}","templated":true}]}}