{"id":2660,"date":"2017-06-28T10:00:02","date_gmt":"2017-06-28T13:00:02","guid":{"rendered":"http:\/\/blog.iset.com.br\/2017\/06\/cliente-quer-vender-online-e-agora\/"},"modified":"2020-10-09T10:00:00","modified_gmt":"2020-10-09T13:00:00","slug":"cliente-quer-vender-online-e-agora","status":"publish","type":"post","link":"https:\/\/www.iset.com.br\/blog\/cliente-quer-vender-online-e-agora\/","title":{"rendered":"Seu cliente quer vender online, e agora?"},"content":{"rendered":"<p>O\u00a0<strong><a href=\"http:\/\/g1.globo.com\/economia\/negocios\/noticia\/e-commerce-fatura-r-444-bilhoes-em-2016-alta-de-74.ghtml\" rel=\"nofollow noopener\" target=\"_blank\">faturamento\u00a0<\/a>gerado pelo e-commerce<\/strong> ultrapassou a margem de R$ 44,4 bilh\u00f5es de reais em 2016. E de acordo com o <strong>Sebrae<\/strong>,\u00a0as pequenas e m\u00e9dias empresas lideram nesse <strong>cen\u00e1rio competitivo<\/strong>, portanto, as\u00a0<strong><a href=\"http:\/\/http\/\/g1.globo.com\/economia\/noticia\/2016\/10\/vendas-pela-internet-devem-dobrar-ate-2021-diz-pesquisa-do-google.html?utm_source=blog&amp;utm_campaign=rc_blogpost\" target=\"_blank\" rel=\"noopener noreferrer nofollow\">estimativas de crescimento<\/a> s\u00e3o as melhores poss\u00edveis.<\/strong> Em decorr\u00eancia disso, muita gente tem cogitado a possibilidade de <strong>vender online.<\/strong><\/p>\n<p>&nbsp;<\/p>\n<p>Apesar da grande procura, n\u00e3o s\u00e3o todas as pessoas que conseguem obter os <strong>melhores resultados com as vendas praticadas no ambiente virtual.<\/strong> Afinal, estamos falando de um mercado vasto, f\u00e9rtil e, ao mesmo tempo, cheio de pormenores.<\/p>\n<p>&nbsp;<\/p>\n<p>Para simplificar um pouco, separamos algumas dicas importantes. Assim, voc\u00ea vai poder <strong>orientar o seu cliente adequadamente<\/strong>. Confira!<\/p>\n<h2>Aposte no White label<\/h2>\n<p>A maioria dos empreendedores est\u00e1 de olho no<strong> potencial que a internet pode proporcionar.<\/strong> Afinal de contas, cada vez mais as pessoas utilizam esse <strong>meio de conex\u00e3o<\/strong> \u2014 seja via<strong>\u00a0<a href=\"http:\/\/blog.iset.com.br\/2017\/05\/afinal-o-que-e-uma-plataforma-mobile\/?utm_source=blog&amp;utm_campaign=rc_blogpost\" target=\"_blank\" rel=\"noopener noreferrer nofollow\">dispositivos m\u00f3veis<\/a> ou computadores convencionais.<\/strong><\/p>\n<p>&nbsp;<\/p>\n<p>No entanto, <strong>investir no desenvolvimento de um sistema<\/strong> que j\u00e1 existe tende a ser perda de tempo, principalmente, atualmente. Voc\u00ea n\u00e3o precisa <strong>investir em uma tecnologia para disponibilizar mercadorias ou servi\u00e7os<\/strong>, pois tem a chance obter o direito de uso, para utiliz\u00e1-la como bem entender.<\/p>\n<p>&nbsp;<\/p>\n<p>Nesse caso, o <strong>White label<\/strong> supre exatamente essa demanda, porque se trata de um <strong>modelo de neg\u00f3cio que permite a revenda<\/strong>, sem a necessidade de <strong>dissemina\u00e7\u00e3o dos direitos autorais da marca. <\/strong>Os <strong>tr\u00e2mites de obten\u00e7\u00e3o s\u00e3o similares aos de uma franquia<\/strong>, com a <strong>diferen\u00e7a de o <a href=\"https:\/\/bit.ly\/2I9Rn5H\" rel=\"nofollow noopener\" target=\"_blank\">White label<\/a> ser mais barato e flex\u00edvel<\/strong>. Ou seja, voc\u00ea vai poder usar a sua marca, como se o sistema fosse seu.<\/p>\n<p>&nbsp;<\/p>\n<p>A\u00a0<b>revenda White Label<\/b> se caracteriza pelo fato de a sua marca que \u00e9 exibida no sistema. Como se fosse voc\u00ea o desenvolvedor do sistema. Onde, normalmente, no lugar da marca da plataforma, ser\u00e1 exibida a sua marca. No dashboard, na p\u00e1gina de login da https:\/\/www.iset.com.br\/blog\/wp-content\/uploads\/2023\/05\/estrategias-marketing-semana-consumidor-2500&#215;1440-1-1536&#215;885-1.webpistra\u00e7\u00e3o e no rodap\u00e9 do site a marca que \u00e9 exibida \u00e9 a sua marca. A marca da empresa que desenvolveu o sistema \u00e9 totalmente removida do sistema, inclusive dos manuais.<\/p>\n<p>&nbsp;<\/p>\n<p><span data-sheets-value=\"{&quot;1&quot;:2,&quot;2&quot;:&quot;[rock-convert-cta id=\\&quot;49569\\&quot;]&quot;}\" data-sheets-userformat=\"{&quot;2&quot;:513,&quot;3&quot;:{&quot;1&quot;:0},&quot;12&quot;:0}\">[rock-convert-cta id=&#8221;49569&#8243;]<\/span><\/p>\n<h2>Ou\u00e7a o cliente<\/h2>\n<p>Pode parecer \u00f3bvio, mas a verdade \u00e9 que saber ouvir \u00e9 o primeiro passo para que seu neg\u00f3cio seja capaz de\u00a0<strong>atingir a excel\u00eancia<\/strong><\/p>\n<p>&nbsp;<\/p>\n<p>Os <strong>conhecimentos t\u00e9cnicos<\/strong> resolvem boa parte dos problemas, mas as solu\u00e7\u00f5es podem ser ainda mais eficientes se voc\u00ea ouvir o que o cliente tem a dizer sobre <a href=\"https:\/\/www.iset.com.br\/blog\/integracoes_plataforma_ecommerce_vender_online\/?utm_source=site&amp;utm_medium=blog&amp;utm_campaign=link_integracoes_plataforma_ecommerce_vender_online\"><strong>vender online<\/strong><\/a>. Porque, na maioria das vezes, as respostas est\u00e3o nessas exposi\u00e7\u00f5es ou nesses questionamentos.<\/p>\n<p>&nbsp;<\/p>\n<p>A forma como voc\u00ea se comunica com clientes faz toda a diferen\u00e7a na percep\u00e7\u00e3o dos mesmos em\u00a0<strong>rela\u00e7\u00e3o \u00e0 qualidade e profissionalismo dos servi\u00e7os prestados. <\/strong>Ent\u00e3o, tamb\u00e9m \u00e9 importante pensar nisso.<\/p>\n<h2>Fa\u00e7a as suas perguntas<\/h2>\n<p>De uma boa conversa, conseguimos extrair muitas informa\u00e7\u00f5es relevantes. Nesse caso, depois de ouvir as <strong>d\u00favidas, cr\u00edticas e sugest\u00f5es do cliente, procure tra\u00e7ar alguns limites para a solu\u00e7\u00e3o do caso.<\/strong><\/p>\n<p>&nbsp;<\/p>\n<p>N\u00e3o se contente com f\u00f3rmulas prontas, mas desenvolva as a\u00e7\u00f5es a partir da necessidade de cada caso e opte por <strong>perguntas abertas<\/strong> \u2014 aquelas fazem o cliente pensar para responder.<\/p>\n<p>&nbsp;<\/p>\n<p><span data-sheets-value=\"{&quot;1&quot;:2,&quot;2&quot;:&quot;[rock-convert-cta id=\\&quot;49557\\&quot;]&quot;}\" data-sheets-userformat=\"{&quot;2&quot;:513,&quot;3&quot;:{&quot;1&quot;:0},&quot;12&quot;:0}\">[rock-convert-cta id=&#8221;49557&#8243;]<\/span><\/p>\n<h2>Reflita sobre a proposta<\/h2>\n<p>Agora \u00e9 o momento de <strong>somar as informa\u00e7\u00f5es obtidas com a sua bagagem profissional<\/strong>. Reflita sobre as demandas e, se for necess\u00e1rio, <strong>busque por ferramentas e conhecimentos adicionais<\/strong>.<\/p>\n<h2>Documente tudo<\/h2>\n<p>Nos dias atuais, a velocidade com que as informa\u00e7\u00f5es s\u00e3o propagadas nos impede de guardar tudo na mem\u00f3ria. Nesse caso, n\u00e3o queremos correr riscos, pois as <strong>demandas se diversificam<\/strong> e aquilo que funciona em <strong>determinado neg\u00f3cio<\/strong>, necessariamente, n\u00e3o tem que funcionar no outro.<\/p>\n<p>&nbsp;<\/p>\n<p>Portanto, <strong>anote tudo, documente, utilize recursos de memoriza\u00e7\u00e3o \u2014 como os mapas mentais<\/strong> \u2014 e esteja pronto para <strong>liberar o feedback<\/strong>.<\/p>\n<p>&nbsp;<\/p>\n<p>As <strong>transa\u00e7\u00f5es comerciais pela internet<\/strong><strong> devem aumentar significativamente nos pr\u00f3ximos anos,<\/strong> afinal, estamos falando de um <strong>processo irrevers\u00edvel<\/strong>. Hoje em dia, contamos com <strong>diversos recursos<\/strong> (de <strong>gest\u00e3o,\u00a0<a href=\"http:\/\/blog.iset.com.br\/2017\/05\/entenda-a-diferenca-entre-site-responsivo-e-site-mobile\/?utm_source=blog&amp;utm_campaign=rc_blogpost\" target=\"_blank\" rel=\"noopener noreferrer nofollow\">design<\/a>,\u00a0prote\u00e7\u00e3o<\/strong>, entre outros) para tornar esse tipo de rela\u00e7\u00e3o ainda mais <strong>r\u00e1pida, pr\u00e1tica e segura<\/strong>. Portanto, n\u00e3o vai faltar gente querendo <strong>vender online<\/strong>.<\/p>\n<p>&nbsp;<\/p>\n<p><span data-sheets-value=\"{&quot;1&quot;:2,&quot;2&quot;:&quot;[rock-convert-cta id=\\&quot;49565\\&quot;]&quot;}\" data-sheets-userformat=\"{&quot;2&quot;:513,&quot;3&quot;:{&quot;1&quot;:0},&quot;12&quot;:0}\">[rock-convert-cta id=&#8221;49565&#8243;]<\/span><\/p>\n<p>&nbsp;<\/p>\n<p>O que achou das dicas, elas ajudaram voc\u00ea? Comente suas impress\u00f5es: queremos saber a sua opini\u00e3o!<\/p>\n<p>&nbsp;<\/p>\n<p>N\u00e3o se esque\u00e7a de inscrever em nosso blog. Toda semana temos v\u00e1rios posts com muitas dicas e novidades para fazer o seu neg\u00f3cio ir a mil! Siga a gente em nossas redes sociais tamb\u00e9m:\u00a0<b>\u00a0<\/b><a href=\"https:\/\/twitter.com\/isetbr\" rel=\"nofollow noopener\" target=\"_blank\"><b>Twitter<\/b><\/a><b>,\u00a0<\/b><a href=\"https:\/\/www.facebook.com\/isetbr\" rel=\"nofollow noopener\" target=\"_blank\"><b>Facebook<\/b><\/a><b>,\u00a0<\/b><a href=\"https:\/\/www.instagram.com\/isetbr\" rel=\"nofollow noopener\" target=\"_blank\"><b>Instagram<\/b><\/a>\u00a0e<a href=\"https:\/\/www.youtube.com.br\/isetbrasil\" rel=\"nofollow noopener\" target=\"_blank\"><b>YouTube<\/b><\/a><b>.<\/b><\/p>\n<p>&nbsp;<\/p>\n","protected":false},"excerpt":{"rendered":"<p>O\u00a0faturamento\u00a0gerado pelo e-commerce ultrapassou a margem de R$ 44,4 bilh\u00f5es de reais em 2016. E de acordo com o Sebrae,\u00a0as pequenas e m\u00e9dias empresas lideram nesse cen\u00e1rio competitivo, portanto, as\u00a0estimativas de crescimento s\u00e3o as melhores poss\u00edveis. Em decorr\u00eancia disso, muita gente tem cogitado a possibilidade de vender online. &nbsp; Apesar da grande procura, n\u00e3o s\u00e3o [&hellip;]<\/p>\n","protected":false},"author":4,"featured_media":49995,"comment_status":"open","ping_status":"open","sticky":false,"template":"post-templates\/cover.php","format":"standard","meta":{"footnotes":""},"categories":[426,227],"tags":[63,39,21,886,430,36,1440],"class_list":["post-2660","post","type-post","status-publish","format-standard","has-post-thumbnail","hentry","category-e-commerce-para-agencias","category-gestao-e-negocios","tag-cliente","tag-e-commerce","tag-loja-virtual","tag-plataforma","tag-revenda","tag-vender-online","tag-white-label"],"_links":{"self":[{"href":"https:\/\/www.iset.com.br\/blog\/wp-json\/wp\/v2\/posts\/2660","targetHints":{"allow":["GET"]}}],"collection":[{"href":"https:\/\/www.iset.com.br\/blog\/wp-json\/wp\/v2\/posts"}],"about":[{"href":"https:\/\/www.iset.com.br\/blog\/wp-json\/wp\/v2\/types\/post"}],"author":[{"embeddable":true,"href":"https:\/\/www.iset.com.br\/blog\/wp-json\/wp\/v2\/users\/4"}],"replies":[{"embeddable":true,"href":"https:\/\/www.iset.com.br\/blog\/wp-json\/wp\/v2\/comments?post=2660"}],"version-history":[{"count":19,"href":"https:\/\/www.iset.com.br\/blog\/wp-json\/wp\/v2\/posts\/2660\/revisions"}],"predecessor-version":[{"id":49997,"href":"https:\/\/www.iset.com.br\/blog\/wp-json\/wp\/v2\/posts\/2660\/revisions\/49997"}],"wp:featuredmedia":[{"embeddable":true,"href":"https:\/\/www.iset.com.br\/blog\/wp-json\/wp\/v2\/media\/49995"}],"wp:attachment":[{"href":"https:\/\/www.iset.com.br\/blog\/wp-json\/wp\/v2\/media?parent=2660"}],"wp:term":[{"taxonomy":"category","embeddable":true,"href":"https:\/\/www.iset.com.br\/blog\/wp-json\/wp\/v2\/categories?post=2660"},{"taxonomy":"post_tag","embeddable":true,"href":"https:\/\/www.iset.com.br\/blog\/wp-json\/wp\/v2\/tags?post=2660"}],"curies":[{"name":"wp","href":"https:\/\/api.w.org\/{rel}","templated":true}]}}