{"id":2456,"date":"2017-02-06T10:00:16","date_gmt":"2017-02-06T12:00:16","guid":{"rendered":"http:\/\/blog.iset.com.br\/?p=2456"},"modified":"2022-10-10T15:57:31","modified_gmt":"2022-10-10T18:57:31","slug":"por-que-criar-pagina-no-facebook-para-minha-loja-online","status":"publish","type":"post","link":"https:\/\/www.iset.com.br\/blog\/por-que-criar-pagina-no-facebook-para-minha-loja-online\/","title":{"rendered":"Por que criar p\u00e1gina no Facebook para minha loja online?"},"content":{"rendered":"<p>O <strong>Facebook<\/strong> \u00e9 uma das <strong>redes sociais<\/strong> favoritas no Brasil, contando\u00a0com mais de <a href=\"https:\/\/www.facebook.com\/business\/news\/102-milhes-de-brasileiros-compartilham-seus-momentos-no-facebook-todos-os-meses?utm_source=blog&amp;utm_campaign=rc_blogpost\" target=\"_blank\" rel=\"noopener noreferrer nofollow\">102 milh\u00f5es de usu\u00e1rios<\/a>\u00a0no pa\u00eds. Al\u00e9m de compartilharem conte\u00fados e lerem os posts de seus amigos, as pessoas podem acompanhar as <strong>publica\u00e7\u00f5es das p\u00e1ginas de suas marcas favoritas na timeline<\/strong>.<\/p>\n<p>&nbsp;<\/p>\n<p>Diante dessas oportunidades, vamos <strong>explorar as vantagens de criar\u00a0uma p\u00e1gina no Facebook para loja online.<\/strong> Acompanhe o post e entenda mais!<\/p>\n<h2>Qual \u00e9 a diferen\u00e7a entre perfil e p\u00e1gina?<\/h2>\n<p>No <strong>Facebook<\/strong>, h\u00e1 dois tipos de canais com os quais as pessoas podem interagir: o perfil e a p\u00e1gina (antigamente chamada fan page).<\/p>\n<p>&nbsp;<\/p>\n<p>Enquanto o perfil \u00e9 pessoal, que visa proporcionar a conex\u00e3o com amigos, a p\u00e1gina pode ser uma <strong>ferramenta para uso profissional<\/strong>, com a fun\u00e7\u00e3o de <strong>propor contatos com clientes ou prospects<\/strong>.<\/p>\n<p>&nbsp;<\/p>\n<p>Muitos empres\u00e1rios cometem o erro de <strong>criar um perfil para a sua loja virtual<\/strong>, o que pode <strong>gerar confus\u00e3o para os clientes<\/strong>. Sem falar que\u00a0esse tipo de intera\u00e7\u00e3o n\u00e3o oferece a <strong>s\u00e9rie de funcionalidades que as p\u00e1ginas corporativas<\/strong> t\u00eam, uma vez que s\u00e3o desenvolvidas especialmente para empresas.<\/p>\n<h2>Como criar uma p\u00e1gina no Facebook?<\/h2>\n<p>Para <strong>criar uma p\u00e1gina para a sua marca gratuitamente<\/strong>, basta ter uma conta no <strong>Facebook<\/strong>, acessar a <strong>rede social<\/strong> e entrar no guia para <a href=\"https:\/\/www.facebook.com\/pages\/create\/?utm_source=blog&amp;utm_campaign=rc_blogpost\" target=\"_blank\" rel=\"noopener noreferrer nofollow\">configura\u00e7\u00e3o de p\u00e1gina<\/a>. Ent\u00e3o, \u00e9 s\u00f3 seguir as instru\u00e7\u00f5es e preencher os dados com aten\u00e7\u00e3o.<\/p>\n<p>&nbsp;<\/p>\n<p>Cuidado principalmente \u00e0s informa\u00e7\u00f5es de contato, pois os clientes as usar\u00e3o para<strong> se comunicarem com voc\u00ea.<\/strong><\/p>\n<p>&nbsp;<\/p>\n<p>Se precisar de ajuda com a <strong>manuten\u00e7\u00e3o da p\u00e1gina<\/strong>, existe a possibilidade de\u00a0<strong>atribuir fun\u00e7\u00f5es https:\/\/www.iset.com.br\/blog\/wp-content\/uploads\/2023\/05\/estrategias-marketing-semana-consumidor-2500&#215;1440-1-1536&#215;885-1.webpistrativas aos seus colaboradores.<\/strong> Nas Configura\u00e7\u00f5es, \u00e9 s\u00f3 entrar em Fun\u00e7\u00f5es Administrativas, escolher a pessoa\u00a0(deve estar entre os seus amigos) e selecionar papel que ela vai desempenhar (Administrador, Editor, Moderador, Anunciante, Analista).<\/p>\n<h2>Quais as vantagens em usar o Facebook para loja online?<\/h2>\n<h3>Mensurar dados<\/h3>\n<p>As p\u00e1ginas no <strong>Facebook<\/strong> oferecem a funcionalidade Informa\u00e7\u00f5es, em que \u00e9 poss\u00edvel analisar, entre outras<strong> <a href=\"http:\/\/blog.iset.com.br\/2016\/09\/3-metricas-de-e-commerce-importantes\/?utm_source=blog&amp;utm_campaign=rc_blogpost\" target=\"_blank\" rel=\"noopener noreferrer nofollow\">m\u00e9tricas<\/a>, as curtidas, o alcance das publica\u00e7\u00f5es, o n\u00famero de visualiza\u00e7\u00f5es da\u00a0p\u00e1gina<\/strong> e alguns <strong>dados demogr\u00e1ficos<\/strong>.<\/p>\n<p>&nbsp;<\/p>\n<p>Tamb\u00e9m conhecida como <strong>Facebook Insights<\/strong>, as Informa\u00e7\u00f5es s\u00e3o uma \u00f3tima\u00a0ferramenta para avaliar se a sua <strong>estrat\u00e9gia para <a href=\"http:\/\/blog.iset.com.br\/2016\/12\/conheca-5-ferramentas-para-impulsionar-as-vendas-online\/?utm_source=blog&amp;utm_campaign=rc_blogpost\" target=\"_blank\" rel=\"noopener noreferrer nofollow\">impulsionar as vendas<\/a><\/strong> usando o <strong>Facebook<\/strong> est\u00e1 dando certo ou n\u00e3o.<\/p>\n<h3>Melhorar a estrat\u00e9gia para atingir o p\u00fablico-alvo<\/h3>\n<p>Voc\u00ea pode consultar os <strong>dados demogr\u00e1ficos<\/strong> em Informa\u00e7\u00f5es para saber se o p\u00fablico que curtiu a sua marca \u00e9 realmente aquele que voc\u00ea gostaria de atingir. Isso pode ajud\u00e1-lo a tomar decis\u00f5es para o seu neg\u00f3cio, como escolher as pr\u00f3ximas <strong>promo\u00e7\u00f5es e eventos<\/strong>, por exemplo.<\/p>\n<p>&nbsp;<\/p>\n<p>No entanto, para\u00a0chegar \u00e0s pessoas que ainda n\u00e3o curtiram a sua p\u00e1gina e pertencem ao seu <strong>p\u00fablico-alvo<\/strong>, o mais indicado \u00e9 promov\u00ea-la por meio de an\u00fancios. O assistente para cria\u00e7\u00e3o torna esse processo simples, permitindo\u00a0segmentar a audi\u00eancia (g\u00eanero, idade, localiza\u00e7\u00e3o e interesses), <strong>controlar o or\u00e7amento e at\u00e9 anunciar no <a href=\"http:\/\/blog.iset.com.br\/2015\/01\/como-fazer-sua-loja-virtual-bombar-no-instagram\/?utm_source=blog&amp;utm_campaign=rc_blogpost\" target=\"_blank\" rel=\"noopener noreferrer nofollow\">Instagram<\/a><\/strong>.<\/p>\n<h3>Mostrar seus produtos<\/h3>\n<p>Uma p\u00e1gina\u00a0do <strong>Facebook<\/strong> apresenta\u00a0diversas <strong>Guias<\/strong> (P\u00e1gina inicial, Sobre, Fotos, V\u00eddeos, etc.) para <strong>organizar as informa\u00e7\u00f5es<\/strong> que voc\u00ea disponibiliza por l\u00e1.<\/p>\n<p>&nbsp;<\/p>\n<p>Utilizando as guias, existe uma forma interessante de <strong>atrair clientes<\/strong> <strong>diretamente para o seu site<\/strong>. Incluindo o item Loja,\u00a0voc\u00ea pode <strong>criar uma vitrine para os seus produtos e conectar o Facebook diretamente \u00e0 sua loja online.<\/strong><\/p>\n<p>&nbsp;<\/p>\n<p>E ent\u00e3o, agora que voc\u00ea sabe como \u00e9 <strong>vantajoso usar o\u00a0Facebook para loja online<\/strong>, j\u00e1 est\u00e1 confiante para <strong>criar a sua p\u00e1gina<\/strong>? Gostaria de compartilhar a sua experi\u00eancia com<strong> <a href=\"http:\/\/blog.iset.com.br\/2016\/06\/marketing-digital-para-e-commerce\/?utm_source=blog&amp;utm_campaign=rc_blogpost\" target=\"_blank\" rel=\"noopener noreferrer nofollow\">estrat\u00e9gias de marketing digital para e-commerce<\/a><\/strong>? Deixe o seu coment\u00e1rio!<\/p>\n<p>&nbsp;<\/p>\n<figure id=\"attachment_47368\" aria-describedby=\"caption-attachment-47368\" style=\"width: 860px\" class=\"wp-caption aligncenter\"><a href=\"http:\/\/bit.ly\/303gk73\" rel=\"nofollow noopener\" target=\"_blank\"><img fetchpriority=\"high\" decoding=\"async\" class=\"size-full wp-image-47368\" src=\"https:\/\/www.iset.com.br\/blog\/wp-content\/uploads\/2019\/08\/cta-criar-loja-virtual-iset.jpg\" alt=\"\" width=\"860\" height=\"260\" srcset=\"https:\/\/www.iset.com.br\/blog\/wp-content\/uploads\/2019\/08\/cta-criar-loja-virtual-iset.jpg 860w, https:\/\/www.iset.com.br\/blog\/wp-content\/uploads\/2019\/08\/cta-criar-loja-virtual-iset-300x91.jpg 300w, https:\/\/www.iset.com.br\/blog\/wp-content\/uploads\/2019\/08\/cta-criar-loja-virtual-iset-768x232.jpg 768w, https:\/\/www.iset.com.br\/blog\/wp-content\/uploads\/2019\/08\/cta-criar-loja-virtual-iset-600x181.png 600w, https:\/\/www.iset.com.br\/blog\/wp-content\/uploads\/2019\/08\/cta-criar-loja-virtual-iset-24x7.png 24w, https:\/\/www.iset.com.br\/blog\/wp-content\/uploads\/2019\/08\/cta-criar-loja-virtual-iset-36x11.png 36w, https:\/\/www.iset.com.br\/blog\/wp-content\/uploads\/2019\/08\/cta-criar-loja-virtual-iset-48x15.png 48w\" sizes=\"(max-width: 860px) 100vw, 860px\" \/><\/a><figcaption id=\"caption-attachment-47368\" class=\"wp-caption-text\">Est\u00e1 na hora de dar o primeiro passo e finalmente criar sua loja virtual!<\/figcaption><\/figure>\n<p>&nbsp;<\/p>\n<p>N\u00e3o se esque\u00e7a de inscrever em nosso blog. Toda semana temos v\u00e1rios posts com muitas dicas e novidades para fazer o seu neg\u00f3cio ir a mil! Siga a gente em nossas redes sociais tamb\u00e9m:\u00a0<b>\u00a0<\/b><a href=\"https:\/\/twitter.com\/isetbr\" target=\"_blank\" rel=\"noopener noreferrer nofollow\" data-auth=\"NotApplicable\"><b>Twitter<\/b><\/a><b>,\u00a0<\/b><a href=\"https:\/\/www.facebook.com\/isetbr\" target=\"_blank\" rel=\"noopener noreferrer nofollow\" data-auth=\"NotApplicable\"><b>Facebook<\/b><\/a><b>,\u00a0<\/b><a href=\"https:\/\/www.instagram.com\/isetbr\" target=\"_blank\" rel=\"noopener noreferrer nofollow\" data-auth=\"NotApplicable\"><b>Instagram<\/b><\/a>\u00a0e<a href=\"https:\/\/www.youtube.com.br\/isetbrasil\" target=\"_blank\" rel=\"noopener noreferrer nofollow\" data-auth=\"NotApplicable\"><b>YouTube<\/b><\/a><b>.<\/b><\/p>\n","protected":false},"excerpt":{"rendered":"<p>O Facebook \u00e9 uma das redes sociais favoritas no Brasil, contando\u00a0com mais de 102 milh\u00f5es de usu\u00e1rios\u00a0no pa\u00eds. Al\u00e9m de compartilharem conte\u00fados e lerem os posts de seus amigos, as pessoas podem acompanhar as publica\u00e7\u00f5es das p\u00e1ginas de suas marcas favoritas na timeline. &nbsp; Diante dessas oportunidades, vamos explorar as vantagens de criar\u00a0uma p\u00e1gina no [&hellip;]<\/p>\n","protected":false},"author":4,"featured_media":2458,"comment_status":"open","ping_status":"open","sticky":false,"template":"","format":"standard","meta":{"footnotes":""},"categories":[222,443],"tags":[199,420,397,267,340,33],"class_list":["post-2456","post","type-post","status-publish","format-standard","has-post-thumbnail","hentry","category-marketing-digital","category-redes-sociais","tag-aprenda-a-definir-objetivos-e-estrategias","tag-facebook","tag-marketing-digital","tag-marketing-digital-para-e-commerce","tag-negocios-nas-redes-sociais","tag-redes-sociais"],"_links":{"self":[{"href":"https:\/\/www.iset.com.br\/blog\/wp-json\/wp\/v2\/posts\/2456","targetHints":{"allow":["GET"]}}],"collection":[{"href":"https:\/\/www.iset.com.br\/blog\/wp-json\/wp\/v2\/posts"}],"about":[{"href":"https:\/\/www.iset.com.br\/blog\/wp-json\/wp\/v2\/types\/post"}],"author":[{"embeddable":true,"href":"https:\/\/www.iset.com.br\/blog\/wp-json\/wp\/v2\/users\/4"}],"replies":[{"embeddable":true,"href":"https:\/\/www.iset.com.br\/blog\/wp-json\/wp\/v2\/comments?post=2456"}],"version-history":[{"count":4,"href":"https:\/\/www.iset.com.br\/blog\/wp-json\/wp\/v2\/posts\/2456\/revisions"}],"predecessor-version":[{"id":47970,"href":"https:\/\/www.iset.com.br\/blog\/wp-json\/wp\/v2\/posts\/2456\/revisions\/47970"}],"wp:featuredmedia":[{"embeddable":true,"href":"https:\/\/www.iset.com.br\/blog\/wp-json\/wp\/v2\/media\/2458"}],"wp:attachment":[{"href":"https:\/\/www.iset.com.br\/blog\/wp-json\/wp\/v2\/media?parent=2456"}],"wp:term":[{"taxonomy":"category","embeddable":true,"href":"https:\/\/www.iset.com.br\/blog\/wp-json\/wp\/v2\/categories?post=2456"},{"taxonomy":"post_tag","embeddable":true,"href":"https:\/\/www.iset.com.br\/blog\/wp-json\/wp\/v2\/tags?post=2456"}],"curies":[{"name":"wp","href":"https:\/\/api.w.org\/{rel}","templated":true}]}}